{"id":1096,"date":"2019-12-20T07:40:56","date_gmt":"2019-12-20T07:40:56","guid":{"rendered":"http:\/\/diesterwegschule-soemmerda.de\/?p=1096"},"modified":"2020-01-03T19:18:41","modified_gmt":"2020-01-03T19:18:41","slug":"prinzessinnentest","status":"publish","type":"post","link":"https:\/\/diesterwegschule-soemmerda.de\/?p=1096","title":{"rendered":"Prinzessinnentest"},"content":{"rendered":"\n<p>(19.12.2019) Als ich die Schulbibliothek betrete, steht eine gemischte Gruppe aus Erst- und Zweitkl\u00e4sslern um zwei Stapel gefaltete Handt\u00fccher. Gemeinsam mit Sonderp\u00e4dagogin Ina W\u00e4chter probieren sie aus, wie sich wohl die Prinzessin auf der Erbse auf dem Stapel von Matratzen gef\u00fchlt hat. Luisa durfte die Erbse verstecken und ihre Mitsch\u00fcler sind sich einig, dass es fast unm\u00f6glich ist, herauszufinden, wo sie sich befindet. Bei gemeinsamen Weihnachtsprojekt aller Sch\u00fcler der Schuleingangsphase hat Frau W\u00e4chter zur M\u00e4rchenstunde mit Prinzessinnentest ist die Bibliothek eingeladen. <\/p>\n\n\n\n<figure class=\"wp-block-gallery columns-2 is-cropped wp-block-gallery-1 is-layout-flex wp-block-gallery-is-layout-flex\"><ul class=\"blocks-gallery-grid\"><li class=\"blocks-gallery-item\"><figure><img loading=\"lazy\" decoding=\"async\" width=\"1024\" height=\"685\" src=\"http:\/\/diesterwegschule-soemmerda.de\/wp-content\/uploads\/2019\/12\/2019-12-19-Weihnachtsprojekt03-1024x685.jpg\" alt=\"\" data-id=\"1091\" data-full-url=\"http:\/\/diesterwegschule-soemmerda.de\/wp-content\/uploads\/2019\/12\/2019-12-19-Weihnachtsprojekt03.jpg\" data-link=\"http:\/\/diesterwegschule-soemmerda.de\/?attachment_id=1091\" class=\"wp-image-1091\" srcset=\"https:\/\/diesterwegschule-soemmerda.de\/wp-content\/uploads\/2019\/12\/2019-12-19-Weihnachtsprojekt03-1024x685.jpg 1024w, https:\/\/diesterwegschule-soemmerda.de\/wp-content\/uploads\/2019\/12\/2019-12-19-Weihnachtsprojekt03-300x201.jpg 300w, https:\/\/diesterwegschule-soemmerda.de\/wp-content\/uploads\/2019\/12\/2019-12-19-Weihnachtsprojekt03-768x514.jpg 768w, https:\/\/diesterwegschule-soemmerda.de\/wp-content\/uploads\/2019\/12\/2019-12-19-Weihnachtsprojekt03-120x80.jpg 120w, https:\/\/diesterwegschule-soemmerda.de\/wp-content\/uploads\/2019\/12\/2019-12-19-Weihnachtsprojekt03.jpg 1494w\" sizes=\"auto, (max-width: 1024px) 100vw, 1024px\" \/><\/figure><\/li><li class=\"blocks-gallery-item\"><figure><img loading=\"lazy\" decoding=\"async\" width=\"1024\" height=\"685\" src=\"http:\/\/diesterwegschule-soemmerda.de\/wp-content\/uploads\/2019\/12\/2019-12-19-Weihnachtsprojekt02-1024x685.jpg\" alt=\"\" data-id=\"1090\" data-full-url=\"http:\/\/diesterwegschule-soemmerda.de\/wp-content\/uploads\/2019\/12\/2019-12-19-Weihnachtsprojekt02.jpg\" data-link=\"http:\/\/diesterwegschule-soemmerda.de\/?attachment_id=1090\" class=\"wp-image-1090\" srcset=\"https:\/\/diesterwegschule-soemmerda.de\/wp-content\/uploads\/2019\/12\/2019-12-19-Weihnachtsprojekt02-1024x685.jpg 1024w, https:\/\/diesterwegschule-soemmerda.de\/wp-content\/uploads\/2019\/12\/2019-12-19-Weihnachtsprojekt02-300x201.jpg 300w, https:\/\/diesterwegschule-soemmerda.de\/wp-content\/uploads\/2019\/12\/2019-12-19-Weihnachtsprojekt02-768x514.jpg 768w, https:\/\/diesterwegschule-soemmerda.de\/wp-content\/uploads\/2019\/12\/2019-12-19-Weihnachtsprojekt02-120x80.jpg 120w, https:\/\/diesterwegschule-soemmerda.de\/wp-content\/uploads\/2019\/12\/2019-12-19-Weihnachtsprojekt02.jpg 1494w\" sizes=\"auto, (max-width: 1024px) 100vw, 1024px\" \/><\/figure><\/li><\/ul><\/figure>\n\n\n\n<p>In den anderen Klassenr\u00e4umen der ersten und zweiten Klassen wird gebastelt, gemalt und kleine R\u00fchrkuchen vernascht. Nach drei Stunden Projekt steht f\u00fcr die Kinder noch die Auff\u00fchrung &#8222;Wer ist der St\u00e4rkste im ganzen Land&#8220; auf dem Programm. <a href=\"https:\/\/diesterwegschule-soemmerda.de\/?p=1084\" target=\"_blank\" rel=\"noreferrer noopener\" aria-label=\" (\u00f6ffnet in neuem Tab)\">https:\/\/diesterwegschule-soemmerda.de\/?p=1084<\/a><\/p>\n","protected":false},"excerpt":{"rendered":"<p>(19.12.2019) Als ich die Schulbibliothek betrete, steht eine gemischte Gruppe aus Erst- und Zweitkl\u00e4sslern um zwei Stapel gefaltete Handt\u00fccher. Gemeinsam<\/p>\n","protected":false},"author":1,"featured_media":1089,"comment_status":"closed","ping_status":"open","sticky":false,"template":"","format":"standard","meta":{"footnotes":""},"categories":[3,8],"tags":[],"class_list":["post-1096","post","type-post","status-publish","format-standard","has-post-thumbnail","hentry","category-projekte","category-schulleben"],"_links":{"self":[{"href":"https:\/\/diesterwegschule-soemmerda.de\/index.php?rest_route=\/wp\/v2\/posts\/1096","targetHints":{"allow":["GET"]}}],"collection":[{"href":"https:\/\/diesterwegschule-soemmerda.de\/index.php?rest_route=\/wp\/v2\/posts"}],"about":[{"href":"https:\/\/diesterwegschule-soemmerda.de\/index.php?rest_route=\/wp\/v2\/types\/post"}],"author":[{"embeddable":true,"href":"https:\/\/diesterwegschule-soemmerda.de\/index.php?rest_route=\/wp\/v2\/users\/1"}],"replies":[{"embeddable":true,"href":"https:\/\/diesterwegschule-soemmerda.de\/index.php?rest_route=%2Fwp%2Fv2%2Fcomments&post=1096"}],"version-history":[{"count":2,"href":"https:\/\/diesterwegschule-soemmerda.de\/index.php?rest_route=\/wp\/v2\/posts\/1096\/revisions"}],"predecessor-version":[{"id":1099,"href":"https:\/\/diesterwegschule-soemmerda.de\/index.php?rest_route=\/wp\/v2\/posts\/1096\/revisions\/1099"}],"wp:featuredmedia":[{"embeddable":true,"href":"https:\/\/diesterwegschule-soemmerda.de\/index.php?rest_route=\/wp\/v2\/media\/1089"}],"wp:attachment":[{"href":"https:\/\/diesterwegschule-soemmerda.de\/index.php?rest_route=%2Fwp%2Fv2%2Fmedia&parent=1096"}],"wp:term":[{"taxonomy":"category","embeddable":true,"href":"https:\/\/diesterwegschule-soemmerda.de\/index.php?rest_route=%2Fwp%2Fv2%2Fcategories&post=1096"},{"taxonomy":"post_tag","embeddable":true,"href":"https:\/\/diesterwegschule-soemmerda.de\/index.php?rest_route=%2Fwp%2Fv2%2Ftags&post=1096"}],"curies":[{"name":"wp","href":"https:\/\/api.w.org\/{rel}","templated":true}]}}