{"id":201,"date":"2018-09-10T12:19:47","date_gmt":"2018-09-10T12:19:47","guid":{"rendered":"http:\/\/diesterwegschule-soemmerda.de\/?p=201"},"modified":"2019-04-25T18:59:01","modified_gmt":"2019-04-25T18:59:01","slug":"schuljahresbeginn-in-der-diesterweg-grundschule%ef%bb%bf","status":"publish","type":"post","link":"https:\/\/diesterwegschule-soemmerda.de\/?p=201","title":{"rendered":"Schuljahresbeginn in der Diesterweg-Grundschule"},"content":{"rendered":"\n<p>(10.09.2018) <em>\u201eHier gibt es Gro\u00dfe, Kleine \u2013 niemand ist alleine, in der Grundschule Diesterweg.\u201c<\/em> Mit diesen Worten verabschieden sich die Akteure der vierten Klassen nach einem kurzweiligen Schuleinf\u00fchrungsprogramm von den Neuank\u00f6mmlingen der Schule. Diese blicken mit gespannten Blicken auf die mit prallgef\u00fcllten Zuckert\u00fcten beladenen Tische neben der B\u00fchne. Und dann geht es Schlag auf Schlag \u2026 <\/p>\n\n\n\n<p>Vier Wochen sp\u00e4ter zur Hofpause\nauf dem Schulhof: Nichts ist mehr zu sp\u00fcren von den aufgeregten sechs- und\nsiebenj\u00e4hrigen Kindern. Wie alte Hasen bewegen sich die J\u00fcngsten der\nSchulgemeinschaft auf dem Schulgel\u00e4nde. Manche \u00fcben Seilspringen, andere\nspielen Fangen. Der gr\u00f6\u00dfte Hit sind momentan Fadenspiele, die gemeinsam mit den\n\u00e4lteren Sch\u00fclern gespielt werden. Diese waren in diesem Jahr wohl in nahezu\njeder M\u00e4dchenzuckert\u00fcte zu finden. Die Frage <em>\u201eWas gef\u00e4llt dir am besten in der Schule?\u201c<\/em> erh\u00e4lt man kurze knappe\nAntworten, denn die Freunde warten. Amy findet die Hofpause am sch\u00f6nsten. Matti\nstimmt nickend zu und erg\u00e4nzt: <em>\u201eDen\nSchulhof finde ich gut, da kann man so sch\u00f6n Pause machen!\u201c<\/em> Von Wehmut und\nSehnsucht nach dem Kindergarten ist nichts zu merken. <\/p>\n\n\n\n<p><em>\u201eEin netter Gru\u00df, ein netter Blick, ein freundliches Hallo!\u201c<\/em> h\u00f6rte\nman am 28. August gegen 7:45 Uhr \u00fcber den Schulhof schallen. Der sonnige\nSp\u00e4tsommertag fing f\u00fcr die 232 Sch\u00fcler der Diesterweg-Grundschule ganz\nbesonders an. Der Liedermacher Dirk Preusse, der mit seinen\nLeise-T\u00f6ne-Liedkonzerten schon mehrmals im Landkreis gastierte, war auf dem\nSchulhof zu Gast. Hier pr\u00e4sentierte er den Kindern sein \u201eGuten-Tag-Lied! Diese\ndurften nat\u00fcrlich nicht nur zuh\u00f6ren, sondern Mitmachen war die Devise. Und dazu\nmussten man die Kinder nat\u00fcrlich nicht lange auffordern. Diese mussten dazu\nnicht lange angehalten werden, sondern stimmten gleich fr\u00f6hlich mit ein. <\/p>\n\n\n\n<figure class=\"wp-block-image\"><img loading=\"lazy\" decoding=\"async\" width=\"1000\" height=\"669\" src=\"http:\/\/diesterwegschule-soemmerda.de\/wp-content\/uploads\/2019\/04\/2018-08-28_DirkPreusse02-1.jpg\" alt=\"\" class=\"wp-image-204\" srcset=\"https:\/\/diesterwegschule-soemmerda.de\/wp-content\/uploads\/2019\/04\/2018-08-28_DirkPreusse02-1.jpg 1000w, https:\/\/diesterwegschule-soemmerda.de\/wp-content\/uploads\/2019\/04\/2018-08-28_DirkPreusse02-1-300x201.jpg 300w, https:\/\/diesterwegschule-soemmerda.de\/wp-content\/uploads\/2019\/04\/2018-08-28_DirkPreusse02-1-768x514.jpg 768w, https:\/\/diesterwegschule-soemmerda.de\/wp-content\/uploads\/2019\/04\/2018-08-28_DirkPreusse02-1-120x80.jpg 120w\" sizes=\"auto, (max-width: 1000px) 100vw, 1000px\" \/><\/figure>\n\n\n\n<p>Ein gro\u00dfer Moment ist f\u00fcr alle\nKinder der Klasse 1b immer am Freitag in der vierten und letzten Stunde. Denn\nda gibt Klassenlehrerin Christina Stockmann bekannt, bei wem das Klassenmaskottchen\nOskar das Wochenende verbringen darf. Am letzten Wochenende war Lusi die\nGl\u00fcckliche. Und Oskar hatte ein wahrlich sch\u00f6nes Wochenende \u2013 im Handwagen\nwurde er durch den Ernteumzug geleitet. Mit \u00fcber 200 Teilnehmern z\u00e4hlte die\nDiesterweg-Grundschule zu den zahlenst\u00e4rksten Schulen. <\/p>\n\n\n\n<figure class=\"wp-block-image\"><img loading=\"lazy\" decoding=\"async\" width=\"1000\" height=\"696\" src=\"http:\/\/diesterwegschule-soemmerda.de\/wp-content\/uploads\/2018\/09\/2018-09-08_Ernteumzug.jpg\" alt=\"\" class=\"wp-image-212\" srcset=\"https:\/\/diesterwegschule-soemmerda.de\/wp-content\/uploads\/2018\/09\/2018-09-08_Ernteumzug.jpg 1000w, https:\/\/diesterwegschule-soemmerda.de\/wp-content\/uploads\/2018\/09\/2018-09-08_Ernteumzug-300x209.jpg 300w, https:\/\/diesterwegschule-soemmerda.de\/wp-content\/uploads\/2018\/09\/2018-09-08_Ernteumzug-768x535.jpg 768w\" sizes=\"auto, (max-width: 1000px) 100vw, 1000px\" \/><\/figure>\n\n\n\n<p>In den n\u00e4chsten Wochen steht das\nBegr\u00fc\u00dfungsfest f\u00fcr die Erstkl\u00e4ssler an, zu dem sie die Sicherheitswesten\ntraditionell \u00fcbergeben kriegen. Die gelbe Warnweste der ADAC Stiftung erhalten\nseit Jahren viele Erstkl\u00e4ssler in Deutschland. Die Stiftung m\u00f6chte damit\nAkzente mit Weitsicht setzen.<\/p>\n","protected":false},"excerpt":{"rendered":"<p>(10.09.2018) \u201eHier gibt es Gro\u00dfe, Kleine \u2013 niemand ist alleine, in der Grundschule Diesterweg.\u201c Mit diesen Worten verabschieden sich die<\/p>\n","protected":false},"author":1,"featured_media":202,"comment_status":"closed","ping_status":"open","sticky":false,"template":"","format":"standard","meta":{"footnotes":""},"categories":[6,8],"tags":[],"class_list":["post-201","post","type-post","status-publish","format-standard","has-post-thumbnail","hentry","category-kultur","category-schulleben"],"_links":{"self":[{"href":"https:\/\/diesterwegschule-soemmerda.de\/index.php?rest_route=\/wp\/v2\/posts\/201","targetHints":{"allow":["GET"]}}],"collection":[{"href":"https:\/\/diesterwegschule-soemmerda.de\/index.php?rest_route=\/wp\/v2\/posts"}],"about":[{"href":"https:\/\/diesterwegschule-soemmerda.de\/index.php?rest_route=\/wp\/v2\/types\/post"}],"author":[{"embeddable":true,"href":"https:\/\/diesterwegschule-soemmerda.de\/index.php?rest_route=\/wp\/v2\/users\/1"}],"replies":[{"embeddable":true,"href":"https:\/\/diesterwegschule-soemmerda.de\/index.php?rest_route=%2Fwp%2Fv2%2Fcomments&post=201"}],"version-history":[{"count":4,"href":"https:\/\/diesterwegschule-soemmerda.de\/index.php?rest_route=\/wp\/v2\/posts\/201\/revisions"}],"predecessor-version":[{"id":398,"href":"https:\/\/diesterwegschule-soemmerda.de\/index.php?rest_route=\/wp\/v2\/posts\/201\/revisions\/398"}],"wp:featuredmedia":[{"embeddable":true,"href":"https:\/\/diesterwegschule-soemmerda.de\/index.php?rest_route=\/wp\/v2\/media\/202"}],"wp:attachment":[{"href":"https:\/\/diesterwegschule-soemmerda.de\/index.php?rest_route=%2Fwp%2Fv2%2Fmedia&parent=201"}],"wp:term":[{"taxonomy":"category","embeddable":true,"href":"https:\/\/diesterwegschule-soemmerda.de\/index.php?rest_route=%2Fwp%2Fv2%2Fcategories&post=201"},{"taxonomy":"post_tag","embeddable":true,"href":"https:\/\/diesterwegschule-soemmerda.de\/index.php?rest_route=%2Fwp%2Fv2%2Ftags&post=201"}],"curies":[{"name":"wp","href":"https:\/\/api.w.org\/{rel}","templated":true}]}}