{"id":2219,"date":"2021-04-20T18:30:11","date_gmt":"2021-04-20T18:30:11","guid":{"rendered":"https:\/\/diesterwegschule-soemmerda.de\/?p=2219"},"modified":"2021-04-20T18:30:11","modified_gmt":"2021-04-20T18:30:11","slug":"landkreis-soemmerda-entscheidet-sich-vorerst-gegen-schulschliessungen","status":"publish","type":"post","link":"https:\/\/diesterwegschule-soemmerda.de\/?p=2219","title":{"rendered":"Landkreis S\u00f6mmerda entscheidet sich vorerst gegen Schulschlie\u00dfungen"},"content":{"rendered":"\n<p>(20.04.2021) Angesichts der weiter steigenden Infektionszahlen im Landkreis S\u00f6mmerda hat sich der Krisenstab des Landratsamtes beraten und folgende Medieninformation ver\u00f6ffentlicht:<\/p>\n\n\n\n<p>[&#8230;] Im Wissen um die Sorgen und N\u00f6te von Familien mit schulpflichtigen Kindern hat der Landkreis in Abstimmung mit dem Krisenstab von einer erneuten Schlie\u00dfung der Schulen bisher abgesehen. Dabei haben die Verantwortlichen neben den Inzidenzwerten der letzten Tage auch das Ausbruchsgeschehen, H\u00e4ufungen und die lokale Verteilung von Coronaf\u00e4llen im Blick.<\/p>\n\n\n\n<p><em>\u201eVon den 205 Neuf\u00e4llen in den letzten sieben Tagen (RKI, Stand: 20.04.2021) waren in lediglich sieben F\u00e4llen Schulen betroffen. Die in den Schulen herrschende Maskenpflicht in Verbindung mit einem guten L\u00fcftungsregime entsprechend dem Infektionsschutzkonzept sowie die fl\u00e4chendeckenden Schnelltestangebote konnten zudem zu einer Begrenzung des Ausbruchsgeschehens beitragen\u201c, <\/em>erkl\u00e4rt Landrat Harald Henning.<\/p>\n\n\n\n<p>Mit Blick auf die Beratungen von Bundestag und Bundesrat und in Erwartung, dass durch die Novellierung des Infektionsschutzgesetzes dann bundeseinheitliche Regelungen f\u00fcr den Schulbetrieb gelten werden, wird der Landkreis S\u00f6mmerda bis auf weiteres keine Allgemeinverf\u00fcgung zur Schlie\u00dfung der Schulen erlassen.<\/p>\n\n\n\n<p><em>\u201eVerkn\u00fcpft ist dies allerdings mit der Erwartung, dass sich alle Beteiligten \u2013 Sch\u00fclerinnen und Sch\u00fcler, Lehrkr\u00e4fte und Eltern \u2013 auch weiterhin konsequent an die geltenden Regelungen, insbesondere die AHA+L-Regeln halten. Au\u00dferdem obliegt den Eltern die Verantwortung, ihre Kinder nur wirklich dann am Pr\u00e4senzunterricht teilnehmen zu lassen, wenn sie gesund sind und keine Erk\u00e4ltungssymptome aufweisen. F\u00fcr den Gesundheitsschutz tr\u00e4gt auch jeder selbst Verantwortung und muss sich und damit andere gut sch\u00fctzen\u201c<\/em>, appelliert Landrat Henning nochmals an die B\u00fcrgerinnen und B\u00fcrger, die besonderen Herausforderungen solidarisch zu meistern.<\/p>\n","protected":false},"excerpt":{"rendered":"<p>(20.04.2021) Angesichts der weiter steigenden Infektionszahlen im Landkreis S\u00f6mmerda hat sich der Krisenstab des Landratsamtes beraten und folgende Medieninformation ver\u00f6ffentlicht:<\/p>\n","protected":false},"author":1,"featured_media":0,"comment_status":"closed","ping_status":"open","sticky":false,"template":"","format":"standard","meta":{"footnotes":""},"categories":[2],"tags":[],"class_list":["post-2219","post","type-post","status-publish","format-standard","hentry","category-allgemein"],"_links":{"self":[{"href":"https:\/\/diesterwegschule-soemmerda.de\/index.php?rest_route=\/wp\/v2\/posts\/2219","targetHints":{"allow":["GET"]}}],"collection":[{"href":"https:\/\/diesterwegschule-soemmerda.de\/index.php?rest_route=\/wp\/v2\/posts"}],"about":[{"href":"https:\/\/diesterwegschule-soemmerda.de\/index.php?rest_route=\/wp\/v2\/types\/post"}],"author":[{"embeddable":true,"href":"https:\/\/diesterwegschule-soemmerda.de\/index.php?rest_route=\/wp\/v2\/users\/1"}],"replies":[{"embeddable":true,"href":"https:\/\/diesterwegschule-soemmerda.de\/index.php?rest_route=%2Fwp%2Fv2%2Fcomments&post=2219"}],"version-history":[{"count":3,"href":"https:\/\/diesterwegschule-soemmerda.de\/index.php?rest_route=\/wp\/v2\/posts\/2219\/revisions"}],"predecessor-version":[{"id":2222,"href":"https:\/\/diesterwegschule-soemmerda.de\/index.php?rest_route=\/wp\/v2\/posts\/2219\/revisions\/2222"}],"wp:attachment":[{"href":"https:\/\/diesterwegschule-soemmerda.de\/index.php?rest_route=%2Fwp%2Fv2%2Fmedia&parent=2219"}],"wp:term":[{"taxonomy":"category","embeddable":true,"href":"https:\/\/diesterwegschule-soemmerda.de\/index.php?rest_route=%2Fwp%2Fv2%2Fcategories&post=2219"},{"taxonomy":"post_tag","embeddable":true,"href":"https:\/\/diesterwegschule-soemmerda.de\/index.php?rest_route=%2Fwp%2Fv2%2Ftags&post=2219"}],"curies":[{"name":"wp","href":"https:\/\/api.w.org\/{rel}","templated":true}]}}