{"id":2301,"date":"2021-05-18T18:42:52","date_gmt":"2021-05-18T18:42:52","guid":{"rendered":"https:\/\/diesterwegschule-soemmerda.de\/?p=2301"},"modified":"2021-05-19T11:53:24","modified_gmt":"2021-05-19T11:53:24","slug":"stadtradeln-wir-sind-dabei","status":"publish","type":"post","link":"https:\/\/diesterwegschule-soemmerda.de\/?p=2301","title":{"rendered":"Stadtradeln &#8211; WIR sind dabei!"},"content":{"rendered":"\n<p>(18.05.2021) In drei Tagen startet die Kampagne Stadtradeln mit dem Ziel an 21 aufeinanderfolgenden Tagen so viele klimafreundliche Kilometer mit dem Rad zu sammeln. Der Landkreis S\u00f6mmerda nimmt erstmals zusammen mit der Stadt S\u00f6mmerda teil. Beim Wettbewerb STADTRADELN geht es um Spa\u00df am Fahrradfahren und tolle Preise, aber vor allem darum, m\u00f6glichst viele Menschen f\u00fcr das Umsteigen auf das Fahrrad im Alltag zu gewinnen und dadurch einen Beitrag zum Klimaschutz zu leisten.<\/p>\n\n\n\n<p><strong><span style=\"color:#45c5fc\" class=\"has-inline-color\">Auch unsere Schule hat ein Team gegr\u00fcndet. Wir w\u00fcrden uns freuen, wenn du mit deinen Eltern, Geschwistern, Tanten, Onkels, usw. f\u00fcr unsere Schule Kilometer sammelst.<\/span><\/strong> <\/p>\n\n\n\n<p><strong>Worum geht\u2019s?<\/strong><br>Privat und beruflich m\u00f6glichst viele Kilometer mit dem Fahrrad zur\u00fccklegen f\u00fcr mehr Radf\u00f6rderung, mehr Klimaschutz und mehr Lebensqualit\u00e4t in den Kommunen &#8211; und letztlich Spa\u00df beim Fahrradfahren haben.<\/p>\n\n\n\n<p><strong>Wie kann ich mitmachen?<\/strong><br>Registriere dich f\u00fcr den Landkreis S\u00f6mmerda, tritt dann unserem Team &#8222;Staatliche Grundschule Adolph Diesterweg S\u00f6mmerda&#8220; bei. Danach losradeln und die Radkilometer einfach online eintragen oder per STADTRADELN-App tracken.<\/p>\n\n\n\n<p>Kostenfrei anmelden k\u00f6nnen sich Interessierte schon jetzt unter<br><a rel=\"noreferrer noopener\" href=\"https:\/\/www.stadtradeln.de\/landkreis-soemmerda\" target=\"_blank\">https:\/\/www.stadtradeln.de\/landkreis-soemmerda<\/a><\/p>\n\n\n\n<p><strong>Wer kann teilnehmen?<\/strong><br>Alle, die im Landkreis S\u00f6mmerda wohnen, arbeiten, einem Verein angeh\u00f6ren oder eine (Hoch)Schule besuchen.<\/p>\n\n\n\n<p><strong>Wie funktioniert das Kilometersammeln?<\/strong><br>Jeder Kilometer, der w\u00e4hrend der dreiw\u00f6chigen Aktionszeit mit dem Fahrrad zur\u00fcckgelegt wird, kann online ins km-Buch eingetragen werden oder direkt \u00fcber die kostenfreie Stadtradeln-App getrackt werden. Wo die Kilometer zur\u00fcckgelegt werden, ist nicht relevant, denn Klimaschutz endet an keiner Stadt- oder Landgrenze.<\/p>\n\n\n\n<p>Es k\u00f6nnen auch erradelte Kilometer f\u00fcr mehrere Radelnde im selben Account eingetragen werden. (z.B. f\u00fcr Familien oder Schulklassen). Hier muss nur die genaue Anzahl an Personen, f\u00fcr die Kilometer eingetragen werden, unter &#8222;Einstellungen&#8220; angegeben werden.<\/p>\n\n\n\n<p>Wie oft die Kilometer erfasst werden (einzeln, t\u00e4glich oder jeweils zum Ende einer jeden Stadtradeln-Woche) liegt im eigenen Ermessen.<br><br><strong>Wann wird geradelt?<\/strong><br>21. Mai bis 10. Juni 2021<br><br><strong>Wo erhalte ich mehr Informationen?<\/strong><br>Alle Infos zur Registrierung, den Ergebnissen und vieles mehr auf der Website <a rel=\"noreferrer noopener\" href=\"https:\/\/www.stadtradeln.de\/home\" target=\"_blank\">https:\/\/www.stadtradeln.de\/home<\/a><\/p>\n\n\n","protected":false},"excerpt":{"rendered":"<p>(18.05.2021) In drei Tagen startet die Kampagne Stadtradeln mit dem Ziel an 21 aufeinanderfolgenden Tagen so viele klimafreundliche Kilometer mit<\/p>\n","protected":false},"author":1,"featured_media":2302,"comment_status":"closed","ping_status":"open","sticky":false,"template":"","format":"standard","meta":{"footnotes":""},"categories":[3,8],"tags":[],"class_list":["post-2301","post","type-post","status-publish","format-standard","has-post-thumbnail","hentry","category-projekte","category-schulleben"],"_links":{"self":[{"href":"https:\/\/diesterwegschule-soemmerda.de\/index.php?rest_route=\/wp\/v2\/posts\/2301","targetHints":{"allow":["GET"]}}],"collection":[{"href":"https:\/\/diesterwegschule-soemmerda.de\/index.php?rest_route=\/wp\/v2\/posts"}],"about":[{"href":"https:\/\/diesterwegschule-soemmerda.de\/index.php?rest_route=\/wp\/v2\/types\/post"}],"author":[{"embeddable":true,"href":"https:\/\/diesterwegschule-soemmerda.de\/index.php?rest_route=\/wp\/v2\/users\/1"}],"replies":[{"embeddable":true,"href":"https:\/\/diesterwegschule-soemmerda.de\/index.php?rest_route=%2Fwp%2Fv2%2Fcomments&post=2301"}],"version-history":[{"count":6,"href":"https:\/\/diesterwegschule-soemmerda.de\/index.php?rest_route=\/wp\/v2\/posts\/2301\/revisions"}],"predecessor-version":[{"id":2308,"href":"https:\/\/diesterwegschule-soemmerda.de\/index.php?rest_route=\/wp\/v2\/posts\/2301\/revisions\/2308"}],"wp:featuredmedia":[{"embeddable":true,"href":"https:\/\/diesterwegschule-soemmerda.de\/index.php?rest_route=\/wp\/v2\/media\/2302"}],"wp:attachment":[{"href":"https:\/\/diesterwegschule-soemmerda.de\/index.php?rest_route=%2Fwp%2Fv2%2Fmedia&parent=2301"}],"wp:term":[{"taxonomy":"category","embeddable":true,"href":"https:\/\/diesterwegschule-soemmerda.de\/index.php?rest_route=%2Fwp%2Fv2%2Fcategories&post=2301"},{"taxonomy":"post_tag","embeddable":true,"href":"https:\/\/diesterwegschule-soemmerda.de\/index.php?rest_route=%2Fwp%2Fv2%2Ftags&post=2301"}],"curies":[{"name":"wp","href":"https:\/\/api.w.org\/{rel}","templated":true}]}}