{"id":2316,"date":"2021-05-27T19:14:52","date_gmt":"2021-05-27T19:14:52","guid":{"rendered":"https:\/\/diesterwegschule-soemmerda.de\/?p=2316"},"modified":"2021-05-27T19:14:52","modified_gmt":"2021-05-27T19:14:52","slug":"1-347-km-in-7-tagen","status":"publish","type":"post","link":"https:\/\/diesterwegschule-soemmerda.de\/?p=2316","title":{"rendered":"1.347 km in 7 Tagen"},"content":{"rendered":"\n<p>(27.05.2021) Auch wenn das Wetter in der ersten STADTRADELN-Woche sich nicht von seiner besten Seite gezeigt hat, so haben wir mit dem Team der Diesterwegschule schon viele Kilometer zu Buche stehen. 53 Radelnde geh\u00f6ren zum heutigen Tag zu unserem Team &#8211; wir w\u00fcrden uns freuen, wenn sich noch der Eine oder Andere dazugesellen w\u00fcrde. Es geht nicht darum, als Einzelner Hunderte von Kilometern zu absolvieren. <strong>Der Spa\u00df steht im Vordergrund und nat\u00fcrlich der Gedanke, gemeinsam etwas f\u00fcr unsere Umwelt zu tun. Denn wer radelt, l\u00e4sst sein Auto stehen. <\/strong><\/p>\n\n\n\n<p>Mit 1.347 km (Stand 27.5.2021, 21:00 Uhr) sind wir derzeit das drittbeste Team im Landkreis S\u00f6mmerda. Vor uns radeln lediglich die Fahrrad-Helden und die evangelische Regionalgemeinde. \u00dcber 200 km davon haben Frieda, Pit und Matti aus der 3b beigesteuert. Die Drei fahren seit vergangenem Freitag flei\u00dfig Rad und haben am Wochenende gegen so manche Windb\u00f6e angek\u00e4mpft. Aber bei sch\u00f6nem Wetter kann schlie\u00dflich jeder Radfahren. Und so werden die Drei in den kommenden zwei Wochen gemeinsam mit vielen Mitsch\u00fclern und deren Familien Kilometer f\u00fcr unser Team sammeln.<\/p>\n\n\n\n<p><strong>Kann ich auch jetzt noch mitmachen, obwohl schon eine Woche vergangen ist?<\/strong><br>JA! Registriere dich f\u00fcr die Kommune S\u00f6mmerda, tritt dann unserem Team \u201eStaatliche Grundschule Adolph Diesterweg S\u00f6mmerda\u201c bei. Danach losradeln und die Radkilometer einfach online eintragen oder per STADTRADELN-App tracken.<\/p>\n\n\n\n<p>Kostenfrei anmelden k\u00f6nnen sich Interessierte unter<br><a href=\"https:\/\/www.stadtradeln.de\/registrieren\" target=\"_blank\" rel=\"noreferrer noopener\">https:\/\/www.stadtradeln.de\/registrieren<\/a><\/p>\n\n\n\n<p><strong>Wer kann teilnehmen?<\/strong><br>Alle, die im Landkreis S\u00f6mmerda wohnen, arbeiten, einem Verein angeh\u00f6ren oder eine (Hoch)Schule besuchen.<\/p>\n\n\n\n<p><strong>Wie funktioniert das Kilometersammeln?<\/strong><br>Jeder Kilometer, der w\u00e4hrend der dreiw\u00f6chigen Aktionszeit mit dem Fahrrad zur\u00fcckgelegt wird, kann online ins km-Buch eingetragen werden oder direkt \u00fcber die kostenfreie Stadtradeln-App getrackt werden. Wo die Kilometer zur\u00fcckgelegt werden, ist nicht relevant, denn Klimaschutz endet an keiner Stadt- oder Landgrenze.<\/p>\n\n\n\n<p>Es k\u00f6nnen auch erradelte Kilometer f\u00fcr mehrere Radelnde im selben Account eingetragen werden. (z.B. f\u00fcr Familien oder Schulklassen). Hier muss nur die genaue Anzahl an Personen, f\u00fcr die Kilometer eingetragen werden, unter \u201eEinstellungen\u201c angegeben werden.<\/p>\n\n\n\n<p>Wie oft die Kilometer erfasst werden (einzeln, t\u00e4glich oder jeweils zum Ende einer jeden Stadtradeln-Woche) liegt im eigenen Ermessen.<\/p>\n\n\n\n<p><strong><span style=\"color:#2ec0fe\" class=\"has-inline-color\">Jeder Kilometer z\u00e4hlt! Auch wenn du jeden Tag &#8222;nur&#8220; zu Schule f\u00e4hrst mit dem Rad &#8211; wir freuen uns \u00fcber jedes Teammitglied, das uns Kilometer erstrampelt. <\/span><\/strong><\/p>\n\n\n\n<p>Wenn du Fragen zum Stadtradeln hast, wende dich an Frau H\u00f6lzer.<\/p>\n","protected":false},"excerpt":{"rendered":"<p>(27.05.2021) Auch wenn das Wetter in der ersten STADTRADELN-Woche sich nicht von seiner besten Seite gezeigt hat, so haben wir<\/p>\n","protected":false},"author":1,"featured_media":2317,"comment_status":"closed","ping_status":"open","sticky":false,"template":"","format":"standard","meta":{"footnotes":""},"categories":[8],"tags":[],"class_list":["post-2316","post","type-post","status-publish","format-standard","has-post-thumbnail","hentry","category-schulleben"],"_links":{"self":[{"href":"https:\/\/diesterwegschule-soemmerda.de\/index.php?rest_route=\/wp\/v2\/posts\/2316","targetHints":{"allow":["GET"]}}],"collection":[{"href":"https:\/\/diesterwegschule-soemmerda.de\/index.php?rest_route=\/wp\/v2\/posts"}],"about":[{"href":"https:\/\/diesterwegschule-soemmerda.de\/index.php?rest_route=\/wp\/v2\/types\/post"}],"author":[{"embeddable":true,"href":"https:\/\/diesterwegschule-soemmerda.de\/index.php?rest_route=\/wp\/v2\/users\/1"}],"replies":[{"embeddable":true,"href":"https:\/\/diesterwegschule-soemmerda.de\/index.php?rest_route=%2Fwp%2Fv2%2Fcomments&post=2316"}],"version-history":[{"count":2,"href":"https:\/\/diesterwegschule-soemmerda.de\/index.php?rest_route=\/wp\/v2\/posts\/2316\/revisions"}],"predecessor-version":[{"id":2319,"href":"https:\/\/diesterwegschule-soemmerda.de\/index.php?rest_route=\/wp\/v2\/posts\/2316\/revisions\/2319"}],"wp:featuredmedia":[{"embeddable":true,"href":"https:\/\/diesterwegschule-soemmerda.de\/index.php?rest_route=\/wp\/v2\/media\/2317"}],"wp:attachment":[{"href":"https:\/\/diesterwegschule-soemmerda.de\/index.php?rest_route=%2Fwp%2Fv2%2Fmedia&parent=2316"}],"wp:term":[{"taxonomy":"category","embeddable":true,"href":"https:\/\/diesterwegschule-soemmerda.de\/index.php?rest_route=%2Fwp%2Fv2%2Fcategories&post=2316"},{"taxonomy":"post_tag","embeddable":true,"href":"https:\/\/diesterwegschule-soemmerda.de\/index.php?rest_route=%2Fwp%2Fv2%2Ftags&post=2316"}],"curies":[{"name":"wp","href":"https:\/\/api.w.org\/{rel}","templated":true}]}}