{"id":2396,"date":"2021-07-20T19:51:00","date_gmt":"2021-07-20T19:51:00","guid":{"rendered":"https:\/\/diesterwegschule-soemmerda.de\/?p=2396"},"modified":"2021-07-21T20:05:58","modified_gmt":"2021-07-21T20:05:58","slug":"waldschule","status":"publish","type":"post","link":"https:\/\/diesterwegschule-soemmerda.de\/?p=2396","title":{"rendered":"Waldschule in Bergern"},"content":{"rendered":"\n<p>(20.07.2021) Eigentlich waren die Fahrten der Klasse 1a nach Bergern in diesem Schuljahr schon abgeschrieben und storniert. Doch dieses Schuljahr h\u00e4lt auch im positiven Sinn etliche \u00dcberraschungen f\u00fcr uns bereit. Als der Landkreis S\u00f6mmerda im Juni wieder in die Stufe GR\u00dcN wechselte, war auch das Lernen am anderen Ort wieder m\u00f6glich. Als dann F\u00f6rster Peter Hoyer vom Jugendwaldheim aus Bergern (bei Bad Berka) anrief und fragte, ob wir spontan kommen wollen, musste nicht lange \u00fcberlegt werden und wir sagten zu.<\/p>\n\n\n\n<p>Mit der Klasse 3b war schnell ein Partner gefunden, denn die Drittkl\u00e4ssler haben im September ihre Abschlussfahrt ins Jugendwaldheim geplant und hatten so die M\u00f6glichkeit das Gel\u00e4nde schon einmal n\u00e4her unter die Lupe zu nehmen. In Bergern angekommen, ging die 3b auf eine zweist\u00fcndige Wanderung in den unmittelbar angrenzenden Wald und versetze sich mit Hilfe von Spielen in die Tiere des Waldes. So verwandeln sich die Kinder in Eichelh\u00e4her und m\u00fcssen Nudeln (alias Eicheln) im Wald verstecken. Immer ausgehend vom Startpunkt m\u00fcssen sie dann die Nahrung wiederfinden, um den Winter zu \u00fcberstehen. Gar nicht so einfach finden sie und so mancher h\u00e4tte als Eichelh\u00e4her dem harten Winter Tribut zollen m\u00fcssen, weil er seine perfekt geglaubten Verstecke nicht wiederfand.<\/p>\n\n\n\n<p>Die Klasse 1a wurde w\u00e4hrend dessen im Grillhaus als neue Waldschulklasse begr\u00fc\u00dft. Das Waldschulprojekt soll die Kinder \u00fcber die gesamte Grundschulzeit begleiten und soll allen Kindern, die M\u00f6glichkeit geben, den Wald und seine Bewohner mit allen Sinnen zu erkunden. Nachdem sich alle Kinder dem kleinen Igel Hugo vorgestellt hatten, standen kleine Spiele auf dem Plan. Sp\u00e4ter bastelte jedes Kind sich noch einen eigenen Wetterigel f\u00fcr zu Hause.<\/p>\n\n\n\n<p>Dann erhielten die Sch\u00fcler das Waldbuch Gr\u00fcnli, welches jede Waldschulklasse durch das Projekt begleitet. An dieser Stelle geht unser Dank an die Rechtsanwaltskanzlei Torsten Siegel aus S\u00f6mmerda, die der Klasse 1a die Waldb\u00fccher sponserte. Geplant ist pro Halbjahr eine Fahrt nach Bergern und nat\u00fcrlich die Abschlussfahrt in Klasse 4. Der Verschluss des Waldbuches stellte nicht nur die Kinder vor eine Herausforderung. Auch den P\u00e4dagogen verlangte es einiges ab, den Geheimverschluss zu \u00f6ffnen.<\/p>\n\n\n\n<figure class=\"wp-block-gallery columns-3 is-cropped wp-block-gallery-1 is-layout-flex wp-block-gallery-is-layout-flex\"><ul class=\"blocks-gallery-grid\"><li class=\"blocks-gallery-item\"><figure><img loading=\"lazy\" decoding=\"async\" width=\"1000\" height=\"669\" src=\"http:\/\/diesterwegschule-soemmerda.de\/wp-content\/uploads\/2021\/07\/2021-07-13-Bergern07.jpg\" alt=\"\" data-id=\"2403\" data-full-url=\"http:\/\/diesterwegschule-soemmerda.de\/wp-content\/uploads\/2021\/07\/2021-07-13-Bergern07.jpg\" data-link=\"https:\/\/diesterwegschule-soemmerda.de\/?attachment_id=2403\" class=\"wp-image-2403\" srcset=\"https:\/\/diesterwegschule-soemmerda.de\/wp-content\/uploads\/2021\/07\/2021-07-13-Bergern07.jpg 1000w, https:\/\/diesterwegschule-soemmerda.de\/wp-content\/uploads\/2021\/07\/2021-07-13-Bergern07-300x201.jpg 300w, https:\/\/diesterwegschule-soemmerda.de\/wp-content\/uploads\/2021\/07\/2021-07-13-Bergern07-768x514.jpg 768w, https:\/\/diesterwegschule-soemmerda.de\/wp-content\/uploads\/2021\/07\/2021-07-13-Bergern07-120x80.jpg 120w\" sizes=\"auto, (max-width: 1000px) 100vw, 1000px\" \/><\/figure><\/li><li class=\"blocks-gallery-item\"><figure><img loading=\"lazy\" decoding=\"async\" width=\"1000\" height=\"669\" src=\"http:\/\/diesterwegschule-soemmerda.de\/wp-content\/uploads\/2021\/07\/2021-07-13-Bergern01.jpg\" alt=\"\" data-id=\"2397\" data-full-url=\"http:\/\/diesterwegschule-soemmerda.de\/wp-content\/uploads\/2021\/07\/2021-07-13-Bergern01.jpg\" data-link=\"https:\/\/diesterwegschule-soemmerda.de\/?attachment_id=2397\" class=\"wp-image-2397\" srcset=\"https:\/\/diesterwegschule-soemmerda.de\/wp-content\/uploads\/2021\/07\/2021-07-13-Bergern01.jpg 1000w, https:\/\/diesterwegschule-soemmerda.de\/wp-content\/uploads\/2021\/07\/2021-07-13-Bergern01-300x201.jpg 300w, https:\/\/diesterwegschule-soemmerda.de\/wp-content\/uploads\/2021\/07\/2021-07-13-Bergern01-768x514.jpg 768w, https:\/\/diesterwegschule-soemmerda.de\/wp-content\/uploads\/2021\/07\/2021-07-13-Bergern01-120x80.jpg 120w\" sizes=\"auto, (max-width: 1000px) 100vw, 1000px\" \/><\/figure><\/li><li class=\"blocks-gallery-item\"><figure><img loading=\"lazy\" decoding=\"async\" width=\"1000\" height=\"669\" src=\"http:\/\/diesterwegschule-soemmerda.de\/wp-content\/uploads\/2021\/07\/2021-07-13-Bergern02.jpg\" alt=\"\" data-id=\"2398\" data-full-url=\"http:\/\/diesterwegschule-soemmerda.de\/wp-content\/uploads\/2021\/07\/2021-07-13-Bergern02.jpg\" data-link=\"https:\/\/diesterwegschule-soemmerda.de\/?attachment_id=2398\" class=\"wp-image-2398\" srcset=\"https:\/\/diesterwegschule-soemmerda.de\/wp-content\/uploads\/2021\/07\/2021-07-13-Bergern02.jpg 1000w, https:\/\/diesterwegschule-soemmerda.de\/wp-content\/uploads\/2021\/07\/2021-07-13-Bergern02-300x201.jpg 300w, https:\/\/diesterwegschule-soemmerda.de\/wp-content\/uploads\/2021\/07\/2021-07-13-Bergern02-768x514.jpg 768w, https:\/\/diesterwegschule-soemmerda.de\/wp-content\/uploads\/2021\/07\/2021-07-13-Bergern02-120x80.jpg 120w\" sizes=\"auto, (max-width: 1000px) 100vw, 1000px\" \/><\/figure><\/li><li class=\"blocks-gallery-item\"><figure><img loading=\"lazy\" decoding=\"async\" width=\"1000\" height=\"669\" src=\"http:\/\/diesterwegschule-soemmerda.de\/wp-content\/uploads\/2021\/07\/2021-07-13-Bergern06.jpg\" alt=\"\" data-id=\"2402\" data-full-url=\"http:\/\/diesterwegschule-soemmerda.de\/wp-content\/uploads\/2021\/07\/2021-07-13-Bergern06.jpg\" data-link=\"https:\/\/diesterwegschule-soemmerda.de\/?attachment_id=2402\" class=\"wp-image-2402\" srcset=\"https:\/\/diesterwegschule-soemmerda.de\/wp-content\/uploads\/2021\/07\/2021-07-13-Bergern06.jpg 1000w, https:\/\/diesterwegschule-soemmerda.de\/wp-content\/uploads\/2021\/07\/2021-07-13-Bergern06-300x201.jpg 300w, https:\/\/diesterwegschule-soemmerda.de\/wp-content\/uploads\/2021\/07\/2021-07-13-Bergern06-768x514.jpg 768w, https:\/\/diesterwegschule-soemmerda.de\/wp-content\/uploads\/2021\/07\/2021-07-13-Bergern06-120x80.jpg 120w\" sizes=\"auto, (max-width: 1000px) 100vw, 1000px\" \/><\/figure><\/li><\/ul><\/figure>\n\n\n\n<p>Dass Wandern hungrig macht, konnte man an den Drittkl\u00e4sslern sehen, die im Grillhaus den Vortritt bekamen. Sie lie\u00dfen sich \u00fcber dem Feuer gegrillte Bockw\u00fcrste mit Br\u00f6tchen schmecken. Das Sitzen am Feuer war f\u00fcr die Kinder ein Highlight. Es war sch\u00f6n anzusehen, wie so mancher Wildfang and\u00e4chtig und tiefenentspannt den Holzspie\u00df in die Flammen hielt.<\/p>\n\n\n\n<p>Zum Schluss konnten sich die Kinder nach Herzenslust auf dem riesigen Gel\u00e4nde des Jugendwaldheims austoben. Neben dem Barfu\u00dfmandala stand den Kindern ein Trampolin, eine Kletterwand, eine Kegelbahn und ein Spielplatz mit Slackline zur Verf\u00fcgung. Gro\u00dfen Andrang gab es beim Fuchsbau. Dort konnte man in die Rolle eines Fuchses schl\u00fcpfen und auf allen Vieren die G\u00e4nge des Baus erkunden. Ein bisschen Mut geh\u00f6rte nat\u00fcrlich dazu, denn im Bau war es stockdunkel. Doch war dieser einmal bezwungen, gab es kein Halten mehr und die Kinder wurden zu Wiederholungst\u00e4tern. Wer nichts vom Dunkeln hielt, hatte seinen Spa\u00df auf dem Igelpfad, auf dem die Kinder sich als Stacheltiere durch die Umweltverschmutzung des Menschen k\u00e4mpfen mussten. Gro\u00dfe Holzbohlen stellten die Grashalme dar, Reifen und Rohre den umherliegenden Unrat. <\/p>\n\n\n\n<p>Nach einer kurzen Auswertungsrunde fuhr gegen 14:00 Uhr der Bus aus S\u00f6mmerda wieder vor und brachte m\u00fcde, aber gl\u00fcckliche Kinder wieder in Richtung Heimat. <\/p>\n\n\n\n<figure class=\"wp-block-gallery columns-3 is-cropped wp-block-gallery-2 is-layout-flex wp-block-gallery-is-layout-flex\"><ul class=\"blocks-gallery-grid\"><li class=\"blocks-gallery-item\"><figure><img loading=\"lazy\" decoding=\"async\" width=\"1000\" height=\"966\" src=\"http:\/\/diesterwegschule-soemmerda.de\/wp-content\/uploads\/2021\/07\/2021-07-13-Bergern08.jpg\" alt=\"\" data-id=\"2404\" data-full-url=\"http:\/\/diesterwegschule-soemmerda.de\/wp-content\/uploads\/2021\/07\/2021-07-13-Bergern08.jpg\" data-link=\"https:\/\/diesterwegschule-soemmerda.de\/?attachment_id=2404\" class=\"wp-image-2404\" srcset=\"https:\/\/diesterwegschule-soemmerda.de\/wp-content\/uploads\/2021\/07\/2021-07-13-Bergern08.jpg 1000w, https:\/\/diesterwegschule-soemmerda.de\/wp-content\/uploads\/2021\/07\/2021-07-13-Bergern08-300x290.jpg 300w, https:\/\/diesterwegschule-soemmerda.de\/wp-content\/uploads\/2021\/07\/2021-07-13-Bergern08-768x742.jpg 768w\" sizes=\"auto, (max-width: 1000px) 100vw, 1000px\" \/><\/figure><\/li><li class=\"blocks-gallery-item\"><figure><img loading=\"lazy\" decoding=\"async\" width=\"1000\" height=\"669\" src=\"http:\/\/diesterwegschule-soemmerda.de\/wp-content\/uploads\/2021\/07\/2021-07-13-Bergern04.jpg\" alt=\"\" data-id=\"2400\" data-full-url=\"http:\/\/diesterwegschule-soemmerda.de\/wp-content\/uploads\/2021\/07\/2021-07-13-Bergern04.jpg\" data-link=\"https:\/\/diesterwegschule-soemmerda.de\/?attachment_id=2400\" class=\"wp-image-2400\" srcset=\"https:\/\/diesterwegschule-soemmerda.de\/wp-content\/uploads\/2021\/07\/2021-07-13-Bergern04.jpg 1000w, https:\/\/diesterwegschule-soemmerda.de\/wp-content\/uploads\/2021\/07\/2021-07-13-Bergern04-300x201.jpg 300w, https:\/\/diesterwegschule-soemmerda.de\/wp-content\/uploads\/2021\/07\/2021-07-13-Bergern04-768x514.jpg 768w, https:\/\/diesterwegschule-soemmerda.de\/wp-content\/uploads\/2021\/07\/2021-07-13-Bergern04-120x80.jpg 120w\" sizes=\"auto, (max-width: 1000px) 100vw, 1000px\" \/><\/figure><\/li><li class=\"blocks-gallery-item\"><figure><img loading=\"lazy\" decoding=\"async\" width=\"1000\" height=\"669\" src=\"http:\/\/diesterwegschule-soemmerda.de\/wp-content\/uploads\/2021\/07\/2021-07-13-Bergern05.jpg\" alt=\"\" data-id=\"2401\" data-full-url=\"http:\/\/diesterwegschule-soemmerda.de\/wp-content\/uploads\/2021\/07\/2021-07-13-Bergern05.jpg\" data-link=\"https:\/\/diesterwegschule-soemmerda.de\/?attachment_id=2401\" class=\"wp-image-2401\" srcset=\"https:\/\/diesterwegschule-soemmerda.de\/wp-content\/uploads\/2021\/07\/2021-07-13-Bergern05.jpg 1000w, https:\/\/diesterwegschule-soemmerda.de\/wp-content\/uploads\/2021\/07\/2021-07-13-Bergern05-300x201.jpg 300w, https:\/\/diesterwegschule-soemmerda.de\/wp-content\/uploads\/2021\/07\/2021-07-13-Bergern05-768x514.jpg 768w, https:\/\/diesterwegschule-soemmerda.de\/wp-content\/uploads\/2021\/07\/2021-07-13-Bergern05-120x80.jpg 120w\" sizes=\"auto, (max-width: 1000px) 100vw, 1000px\" \/><\/figure><\/li><li class=\"blocks-gallery-item\"><figure><img loading=\"lazy\" decoding=\"async\" width=\"1000\" height=\"669\" src=\"http:\/\/diesterwegschule-soemmerda.de\/wp-content\/uploads\/2021\/07\/2021-07-13-Bergern03.jpg\" alt=\"\" data-id=\"2399\" data-full-url=\"http:\/\/diesterwegschule-soemmerda.de\/wp-content\/uploads\/2021\/07\/2021-07-13-Bergern03.jpg\" data-link=\"https:\/\/diesterwegschule-soemmerda.de\/?attachment_id=2399\" class=\"wp-image-2399\" srcset=\"https:\/\/diesterwegschule-soemmerda.de\/wp-content\/uploads\/2021\/07\/2021-07-13-Bergern03.jpg 1000w, https:\/\/diesterwegschule-soemmerda.de\/wp-content\/uploads\/2021\/07\/2021-07-13-Bergern03-300x201.jpg 300w, https:\/\/diesterwegschule-soemmerda.de\/wp-content\/uploads\/2021\/07\/2021-07-13-Bergern03-768x514.jpg 768w, https:\/\/diesterwegschule-soemmerda.de\/wp-content\/uploads\/2021\/07\/2021-07-13-Bergern03-120x80.jpg 120w\" sizes=\"auto, (max-width: 1000px) 100vw, 1000px\" \/><\/figure><\/li><\/ul><\/figure>\n","protected":false},"excerpt":{"rendered":"<p>(20.07.2021) Eigentlich waren die Fahrten der Klasse 1a nach Bergern in diesem Schuljahr schon abgeschrieben und storniert. Doch dieses Schuljahr<\/p>\n","protected":false},"author":1,"featured_media":2405,"comment_status":"closed","ping_status":"open","sticky":false,"template":"","format":"standard","meta":{"footnotes":""},"categories":[8],"tags":[],"class_list":["post-2396","post","type-post","status-publish","format-standard","has-post-thumbnail","hentry","category-schulleben"],"_links":{"self":[{"href":"https:\/\/diesterwegschule-soemmerda.de\/index.php?rest_route=\/wp\/v2\/posts\/2396","targetHints":{"allow":["GET"]}}],"collection":[{"href":"https:\/\/diesterwegschule-soemmerda.de\/index.php?rest_route=\/wp\/v2\/posts"}],"about":[{"href":"https:\/\/diesterwegschule-soemmerda.de\/index.php?rest_route=\/wp\/v2\/types\/post"}],"author":[{"embeddable":true,"href":"https:\/\/diesterwegschule-soemmerda.de\/index.php?rest_route=\/wp\/v2\/users\/1"}],"replies":[{"embeddable":true,"href":"https:\/\/diesterwegschule-soemmerda.de\/index.php?rest_route=%2Fwp%2Fv2%2Fcomments&post=2396"}],"version-history":[{"count":10,"href":"https:\/\/diesterwegschule-soemmerda.de\/index.php?rest_route=\/wp\/v2\/posts\/2396\/revisions"}],"predecessor-version":[{"id":2415,"href":"https:\/\/diesterwegschule-soemmerda.de\/index.php?rest_route=\/wp\/v2\/posts\/2396\/revisions\/2415"}],"wp:featuredmedia":[{"embeddable":true,"href":"https:\/\/diesterwegschule-soemmerda.de\/index.php?rest_route=\/wp\/v2\/media\/2405"}],"wp:attachment":[{"href":"https:\/\/diesterwegschule-soemmerda.de\/index.php?rest_route=%2Fwp%2Fv2%2Fmedia&parent=2396"}],"wp:term":[{"taxonomy":"category","embeddable":true,"href":"https:\/\/diesterwegschule-soemmerda.de\/index.php?rest_route=%2Fwp%2Fv2%2Fcategories&post=2396"},{"taxonomy":"post_tag","embeddable":true,"href":"https:\/\/diesterwegschule-soemmerda.de\/index.php?rest_route=%2Fwp%2Fv2%2Ftags&post=2396"}],"curies":[{"name":"wp","href":"https:\/\/api.w.org\/{rel}","templated":true}]}}