{"id":2460,"date":"2021-08-13T16:01:34","date_gmt":"2021-08-13T16:01:34","guid":{"rendered":"https:\/\/diesterwegschule-soemmerda.de\/?p=2460"},"modified":"2021-08-13T16:01:34","modified_gmt":"2021-08-13T16:01:34","slug":"zuckertuetenabgabe-und-schuleinfuehrung","status":"publish","type":"post","link":"https:\/\/diesterwegschule-soemmerda.de\/?p=2460","title":{"rendered":"Zuckert\u00fctenabgabe und Schuleinf\u00fchrung"},"content":{"rendered":"\n<p>(13.08.2021) Ende Juli wurde vom Ministerium f\u00fcr Bildung, Jugend und Sport eine neue Allgemeinverf\u00fcgung ver\u00f6ffentlicht. Diese gilt vom 1. August bis zum 5. September 2021 und schlie\u00dft somit die Einschulungsfeiern am 4. September 2021 mit ein. Die Feierstunden finden, wie Ihnen bereits bekannt ist, in einem kleinen, aber w\u00fcrdigen Rahmen in unserer Turnhalle statt.\u00a0\u00a0\u00a0\u00a0\u00a0<br><br><strong>Feierstunde der Klasse 1a\u00a0&#8211; Samstag, 4. September 2021, 9:00 Uhr<\/strong><br><strong>Feierstunde der Klasse 1b &#8211; Samstag, 4. September 2021, 10:30 Uhr<\/strong><\/p>\n\n\n\n<p>Die Veranstaltung kann laut Allgemeinverf\u00fcgung unter Wahrung des Mindestabstandes, unter Verwendung einer Mund-Nasen-Bedeckung und unter Gew\u00e4hrleistung der Kontaktnachverfolgung stattfinden. Um die geforderten Auflagen zu erf\u00fcllen,  haben wir festgelegt, dass der Schulanf\u00e4nger sowie 2 weitere G\u00e4ste die Feierstunde gemeinsam erleben k\u00f6nnen. Wer diese zwei G\u00e4ste sind, haben Sie als Sorgeberechtigte entschieden. Ihre G\u00e4stelisten haben Sie uns bereits \u00fcbermittelt. <\/p>\n\n\n\n<p>Die eingeladenen Familien werden als Gruppe platziert. Zwischen den gebildeten Gruppen wird der Mindestabstand von mindestens 1,50 m eingehalten. Wir bitten Sie auf dem Schulgel\u00e4nde, bis zur Einnahme der Pl\u00e4tze, eine Mund-Nase-Bedeckung zu tragen. Das Tragen dieser Mund-Nase-Bedeckung w\u00e4hrend der Feierstunde erfolgt freiwillig.<\/p>\n\n\n\n<p>Zum Zweck der Ermittlung von Infektionsketten und Kontaktpersonen m\u00fcssen wir f\u00fcr diese Veranstaltungen eine Anwesenheitsliste f\u00fchren. Wir bewahren diese f\u00fcr vier Wochen vor dem Zugriff Dritter gesch\u00fctzt auf und werden sie nach Ablauf der Frist datenschutzgerecht l\u00f6schen und vernichten.<\/p>\n\n\n\n<p><strong>Parkm\u00f6glichkeiten<\/strong><br>Zahlreiche Parkm\u00f6glichkeiten bestehen vor dem B\u00fcrgerzentrum \u201eBertha von Suttner\u201c. Von dort erreichen Sie unsere Schule in wenigen Minuten bequem zu Fu\u00df.\u00a0\u00a0\u00a0\u00a0\u00a0<br><br><strong>Schuleinf\u00fchrung<\/strong><br>Bitte geben Sie Ihrem Kind den leeren Schulranzen zur Schuleinf\u00fchrung mit. \u00a0<\/p>\n\n\n\n<p><strong>Wegef\u00fchrung<\/strong><br>Da wir angehalten sind, so wenig Ber\u00fchrungspunkte wie m\u00f6glich zu schaffen, haben wir uns f\u00fcr die im Folgenden beschriebene Wegef\u00fchrung entschieden.<\/p>\n\n\n\n<p>Weg zur Schuleinf\u00fchrung:<br>Sie erreichen die Feierstunde \u00fcber unser Hoftor. Unsere Turnhalle befindet sich direkt auf unserem Schulhof.<\/p>\n\n\n\n<p>Weg nach Hause:<br>Nach der Feierstunde k\u00f6nnen Sie unser Schulgel\u00e4nde \u00fcber unsere Au\u00dfensportanlage verlassen. Sie kommen auf diesem Weg direkt auf dem Parkplatz vor dem B\u00fcrgerzentrum \u201eBertha von Suttner\u201c an.<\/p>\n\n\n\n<p><strong>Zuckert\u00fctenabgabe<\/strong><br>Die Zuckert\u00fctenabgabe findet am <strong>Freitag, 3. September 2021 von 18:00 \u2013 19:00 Uhr<\/strong> in unserer Turnhalle statt. Sie erreichen die Turnhalle \u00fcber das Hoftor. Bitte bringen Sie zur Abgabe auch den beschrifteten Umschlag (mit Namen) mit den 20 \u20ac Materialgeld f\u00fcr das Starterpaket mit.<\/p>\n\n\n\n<p>Bitte haben Sie Verst\u00e4ndnis, dass wir keine Geschwistert\u00fcten annehmen k\u00f6nnen.<\/p>\n\n\n\n<p>Da die Schulanmeldung in diesem Jahr erstmalig postalisch erfolgte, hatten wir noch keine M\u00f6glichkeit Einsicht in wichtige Dokumente zu nehmen. Bitte bringen Sie zur Zuckert\u00fctenabgabe zur Einsicht durch uns folgende <strong>Dokumente im Original<\/strong> mit:<\/p>\n\n\n\n<ul class=\"wp-block-list\"><li>Geburtsurkunde des Kindes<\/li><li>Nachweis \u00fcber das Sorgerecht<\/li><li>Nachweis \u00fcber den Masernimpfschutz<\/li><li>ggf. Kopien der Unterlagen einer Fr\u00fchf\u00f6rderung im Kindergarten<\/li><\/ul>\n\n\n\n<p>Wir w\u00fcnschen Ihnen erholsame Ferientage und freuen uns auf unsere neuen Erstkl\u00e4ssler.<\/p>\n","protected":false},"excerpt":{"rendered":"<p>(13.08.2021) Ende Juli wurde vom Ministerium f\u00fcr Bildung, Jugend und Sport eine neue Allgemeinverf\u00fcgung ver\u00f6ffentlicht. Diese gilt vom 1. August<\/p>\n","protected":false},"author":1,"featured_media":0,"comment_status":"closed","ping_status":"open","sticky":false,"template":"","format":"standard","meta":{"footnotes":""},"categories":[2,8],"tags":[],"class_list":["post-2460","post","type-post","status-publish","format-standard","hentry","category-allgemein","category-schulleben"],"_links":{"self":[{"href":"https:\/\/diesterwegschule-soemmerda.de\/index.php?rest_route=\/wp\/v2\/posts\/2460","targetHints":{"allow":["GET"]}}],"collection":[{"href":"https:\/\/diesterwegschule-soemmerda.de\/index.php?rest_route=\/wp\/v2\/posts"}],"about":[{"href":"https:\/\/diesterwegschule-soemmerda.de\/index.php?rest_route=\/wp\/v2\/types\/post"}],"author":[{"embeddable":true,"href":"https:\/\/diesterwegschule-soemmerda.de\/index.php?rest_route=\/wp\/v2\/users\/1"}],"replies":[{"embeddable":true,"href":"https:\/\/diesterwegschule-soemmerda.de\/index.php?rest_route=%2Fwp%2Fv2%2Fcomments&post=2460"}],"version-history":[{"count":3,"href":"https:\/\/diesterwegschule-soemmerda.de\/index.php?rest_route=\/wp\/v2\/posts\/2460\/revisions"}],"predecessor-version":[{"id":2463,"href":"https:\/\/diesterwegschule-soemmerda.de\/index.php?rest_route=\/wp\/v2\/posts\/2460\/revisions\/2463"}],"wp:attachment":[{"href":"https:\/\/diesterwegschule-soemmerda.de\/index.php?rest_route=%2Fwp%2Fv2%2Fmedia&parent=2460"}],"wp:term":[{"taxonomy":"category","embeddable":true,"href":"https:\/\/diesterwegschule-soemmerda.de\/index.php?rest_route=%2Fwp%2Fv2%2Fcategories&post=2460"},{"taxonomy":"post_tag","embeddable":true,"href":"https:\/\/diesterwegschule-soemmerda.de\/index.php?rest_route=%2Fwp%2Fv2%2Ftags&post=2460"}],"curies":[{"name":"wp","href":"https:\/\/api.w.org\/{rel}","templated":true}]}}