{"id":2466,"date":"2021-09-03T18:50:02","date_gmt":"2021-09-03T18:50:02","guid":{"rendered":"https:\/\/diesterwegschule-soemmerda.de\/?p=2466"},"modified":"2021-09-03T19:39:50","modified_gmt":"2021-09-03T19:39:50","slug":"so-starten-wir-ins-neue-schuljahr","status":"publish","type":"post","link":"https:\/\/diesterwegschule-soemmerda.de\/?p=2466","title":{"rendered":"So starten wir ins neue Schuljahr &#8230;"},"content":{"rendered":"\n<p>(03.09.2021) Morgen finden die Einschulungsfeiern f\u00fcr unsere zwei ersten Klassen statt, am Montag beginnt der Unterricht f\u00fcr alle Sch\u00fcler in Th\u00fcringen. Wir hoffen, Sie hatten gemeinsam mit Ihren Kindern sch\u00f6ne Ferien und konnten sich gut erholen.<br><br><strong>Informationen des Ministeriums f\u00fcr Bildung, Jugend und Sport<\/strong><br>Am heutigen Vormittag kamen die erwarteten Informationen f\u00fcr den Schulstart vom Ministerium f\u00fcr Bildung, Jugend und Sport. Das Ministerium hat sich vom Stufenkonzept, welches wir aus dem vergangenen Schuljahr kennen, verabschiedet. In Th\u00fcringen gelten zum Schuljahresbeginn erh\u00f6hte Corona-Schutzma\u00dfnahmen. Zwischen dem 6. und 19. September 2021 gilt ein warnstufenunabh\u00e4ngier Sicherheitspuffer. Ab 20. September folgen die Ma\u00dfnahmen den Stufen des <a rel=\"noreferrer noopener\" href=\"https:\/\/www.tmasgff.de\/fruehwarnsystem\" target=\"_blank\">Th\u00fcringer Fr\u00fchwarnsystem<\/a> (Basisstufe + 3 Warnstufen), die im jeweiligen Landkreis bzw. der kreisfreien Stadt gelten. Einzelheiten k\u00f6nnen Sie in der aktuellen Allgemeinverf\u00fcgung des Bildungsministeriums nachlesen. (<a rel=\"noreferrer noopener\" href=\"https:\/\/bildung.thueringen.de\/ministerium\/coronavirus\/schule\" target=\"_blank\">https:\/\/bildung.thueringen.de\/ministerium\/coronavirus\/schule<\/a>)<\/p>\n\n\n\n<p>Um nach den Sommerferien zus\u00e4tzliche Sicherheit zu schaffen, beginnen alle Schulen in Th\u00fcringen \u2013 unabh\u00e4ngig von der im Landkreis oder der Stadt geltenden Warnstufe \u2013 mit einem <strong>zweiw\u00f6chigen Sicherheitspuffer<\/strong>.<br>In Umsetzung des Prinzips \u201e3G\u201c starten wir mit einer <strong>Testpflicht f\u00fcr alle Sch\u00fclerinnen und Sch\u00fcler<\/strong>, die bis bisher nicht vollst\u00e4ndig geimpft und auch nicht genesen sind. Die Tests erfolgen &#8211; wie aus dem letzten Schuljahr gewohnt zweimal w\u00f6chentlich &#8211; in der Schule. <\/p>\n\n\n\n<p>Alternativ kann ein Nachweis der bekannten Teststellen vorgelegt werden. Testverweigerer sollen nicht vom Unterricht ausgeschlossen werden, sondern in gesonderten Gruppen betreut werden. Eine solche Aufteilung setzt nat\u00fcrlich voraus, dass die r\u00e4umlichen und personellen M\u00f6glichkeiten an der jeweiligen Schule bestehen. Ist dies nicht der Fall, werden an einer Schule alle Sch\u00fclerinnen und Sch\u00fcler in ihren Lerngruppen beschult. Sie unterliegen dar\u00fcber hinaus in allen Klassenstufen der Maskenpflicht auch im Unterricht. Wer in dem Zeitraum, in dem die Testpflicht gilt, keinen Nachweis \u00fcber einen aktuellen au\u00dferhalb der Schule durchgef\u00fchrten Test, eine Genesung oder eine Impfung erbringt und auch nicht an den Tests in der Schule teilnimmt, muss zudem mit einem Bu\u00dfgeld rechnen.<\/p>\n\n\n\n<p>Eltern sowie vollj\u00e4hrige Sch\u00fclerinnen und Sch\u00fcler m\u00fcssen zum Schuljahresbeginn gegen\u00fcber ihrer Schule folgende <a rel=\"noreferrer noopener\" href=\"https:\/\/bildung.thueringen.de\/fileadmin\/2021\/2021-09-02_Formular_verbindliches_Testregime_SuS_Owi.pdf\" target=\"_blank\">Erkl\u00e4rung zur Teilnahme<\/a> der Sch\u00fclerinnen und Sch\u00fcler an den verbindlichen Tests an Schulen abgeben. Am Montag erh\u00e4lt Ihr Kind vom Klassenlehrer das Formular, welches es bis Dienstag ausgef\u00fcllt beim Klassenlehrer abgibt. <strong><span style=\"color:#36b8f0\" class=\"has-inline-color\">Gern k\u00f6nnen Sie am Wochenende das Formular auch schon ausdrucken und am Montag ausgef\u00fcllt mit in die Schule geben.<\/span><\/strong><\/p>\n\n\n\n<p>Den Elternbrief des Ministers finden Sie unter diesem Beitrag.<\/p>\n\n\n\n<p><strong>Schuljahr 2021\/22 in der Diesterwegschule<\/strong><br>Unsere Schule bietet die volle Betreuungszeit von 6:00 \u2013 17:00 Uhr f\u00fcr Ihr Kind an. Von 6:00 Uhr bis 7:00 Uhr erfolgt die Betreuung im Fr\u00fchdienst, von 16:00 \u2013 17:00 Uhr im Sp\u00e4tdienst. Von 7:00 \u2013 16:00 Uhr lernen und spielen die Kinder im Unterrichts- bzw. Hortraum oder auf dem Freigel\u00e4nde unserer Schule.<\/p>\n\n\n\n<p>In der ersten Woche steht das Ankommen in der Schule, die Auffrischung der Klassenregeln und nat\u00fcrlich die Wiederholung des Lernstoffes aus dem vergangenen Schuljahr im Vordergrund. Wir werden daher in der ersten Schulwoche nach dem Klassenleiterprinzip unterrichten. <span style=\"color:#16adee\" class=\"has-inline-color\">Die Klassen 1 und 2 haben t\u00e4glich vier Unterrichtsstunden (7:30 \u2013 11:10 Uhr), die Klassen 3 und 4 haben t\u00e4glich f\u00fcnf Unterrichtsstunden (7:30 \u2013 12:00 Uhr).<\/span><\/p>\n\n\n\n<p><strong>Ankommen in der Schule<\/strong><br>Wir behalten die bew\u00e4hrten Hygieneregeln aus dem alten Schuljahr bei. Wenn Sie Ihr Kind zur Schule bringen, verabschieden Sie es bitte vor dem Schulgeb\u00e4ude. Beim Betreten des Schulgel\u00e4ndes \u00fcber den Eingang zum Hof tragen alle Kinder einen Mund-Nasen-Schutz. Das Hoftor ist von 7:00 \u2013 7:25 Uhr ge\u00f6ffnet. Die Kinder d\u00fcrfen \u00fcber die Hofeing\u00e4nge das Schulhaus selbstst\u00e4ndig betreten und suchen sofort ihren Klassenraum auf. Der Klassenlehrer erwartet seine Sch\u00fcler im Klassenraum.<\/p>\n\n\n\n<p>Sollten Sie arbeitsbedingt f\u00fcr Ihr Kind eine Betreuung vor 7:00 Uhr ben\u00f6tigen, steht Ihnen der Fr\u00fchhort ab 6:00 Uhr zur Verf\u00fcgung. (Einlass \u00fcber den Seiteneingang. Bitte klingeln.)<\/p>\n\n\n\n<p><strong>Ausnahme f\u00fcr Schulanf\u00e4nger<\/strong><br><em>Erste Schulwoche<\/em><br>Da wir wissen, wie wichtig gerade die ersten Tage f\u00fcr einen Schulanf\u00e4nger sind, hat ein Elternteil in der ersten Woche, die M\u00f6glichkeit das Kind auf den Schulhof zu begleiten. Das Hoftor ist von 7:00 \u2013 7:25 Uhr ge\u00f6ffnet. Auf dem Hof stehen die Klassenlehrer und Erzieher der ersten Klassen bereit, um die Kinder zu begr\u00fc\u00dfen. Gern k\u00f6nnen dort noch ein paar Worte gewechselt werden. Auch Fragen, die zum Schulbeginn sicher entstehen, k\u00f6nnen hier unkompliziert gekl\u00e4rt werden. Wir bitten Sie, dass Sie beim Betreten des Schulgel\u00e4ndes eine Mund-Nasen-Bedeckung tragen. <strong>Bitte geben Sie dort auch an, wann Sie Ihr Kind am Nachmittag abholen werden.<\/strong><\/p>\n\n\n\n<p><em>2. Schulwoche<\/em><br>In der ersten Woche lernen die Kinder das Schulgeb\u00e4ude gut kennen. Durch die farbig unterschiedlich markierten Flure, f\u00e4llt es den Kindern leicht, sich im Schulhaus zu orientieren. Wenn Sie Ihr Kind zur Schule bringen, verabschieden Sie es bitte vor dem Schulgeb\u00e4ude. Beim Betreten des Schulgel\u00e4ndes \u00fcber den Eingang zum Hof tragen alle Kinder einen Mund-Nasen-Schutz.<\/p>\n\n\n\n<p><strong>Mund-Nasen-Bedeckung<\/strong><br>Wir behalten die bew\u00e4hrten Hygieneregeln bei. Unsere Sch\u00fcler tragen einen Mund-Nasen-Schutz beim morgendlichen Betreten des Schulgel\u00e4ndes und beim Raumwechsel. Im Unterrichtsraum tragen die Kinder den Mund-Nasen-Schutz nicht. Beim Sch\u00fclertransport ist das Tragen eines Mund-Nasen-Schutzes verpflichtend.<\/p>\n\n\n\n<p><strong>Nachmittag in der Schule \/ Abholung<\/strong><br>Nach dem Unterricht \u00fcbernimmt die Erzieherin der Klasse die Kinder. Die Kinder gehen gemeinsam essen, spielen und erledigen ihre Hausaufgaben. Um das Gebot der Kontaktminimierung einzuhalten, ist es momentan nicht m\u00f6glich, Ihr Kind direkt im Schulgeb\u00e4ude abzuholen. Wir \u00f6ffnen die Schule nur f\u00fcr unsere Sch\u00fcler und das Personal. Es ist wichtig, dass Sie im Hausaufgabenheft\/Muttiheft notieren, wann und wie Ihr Kind nach Hause kommt.<\/p>\n\n\n\n<p><strong>Sollten Sie noch Fragen haben, rufen Sie uns gern an. Unser Sekretariat ist von 6:30 \u2013 12:00 Uhr besetzt und telefonisch unter (0 36 34) 62 15 03 zu erreichen.<\/strong><br><br><\/p>\n\n\n\n<div data-wp-interactive=\"core\/file\" class=\"wp-block-file\"><object data-wp-bind--hidden=\"!state.hasPdfPreview\" hidden class=\"wp-block-file__embed\" data=\"https:\/\/diesterwegschule-soemmerda.de\/wp-content\/uploads\/2021\/09\/Elternbrief_Schuljahr_2021-22_Bildungsminister_Helmut_Holter.pdf\" type=\"application\/pdf\" style=\"width:100%;height:600px\" aria-label=\"Einbettung von Einbettung von Elternbrief_Schuljahr_2021-22_Bildungsminister_Helmut_Holter..\"><\/object><a href=\"https:\/\/diesterwegschule-soemmerda.de\/wp-content\/uploads\/2021\/09\/Elternbrief_Schuljahr_2021-22_Bildungsminister_Helmut_Holter.pdf\">Elternbrief_Schuljahr_2021-22_Bildungsminister_Helmut_Holter<\/a><a href=\"https:\/\/diesterwegschule-soemmerda.de\/wp-content\/uploads\/2021\/09\/Elternbrief_Schuljahr_2021-22_Bildungsminister_Helmut_Holter.pdf\" class=\"wp-block-file__button\" download>Herunterladen<\/a><\/div>\n\n\n\n<div data-wp-interactive=\"core\/file\" class=\"wp-block-file\"><object data-wp-bind--hidden=\"!state.hasPdfPreview\" hidden class=\"wp-block-file__embed\" data=\"https:\/\/diesterwegschule-soemmerda.de\/wp-content\/uploads\/2021\/09\/2021-09-02_Formular_verbindliches-Testregime_SuS.pdf\" type=\"application\/pdf\" style=\"width:100%;height:600px\" aria-label=\"Einbettung von Einbettung von 2021-09-02_Formular_verbindliches-Testregime_SuS..\"><\/object><a href=\"https:\/\/diesterwegschule-soemmerda.de\/wp-content\/uploads\/2021\/09\/2021-09-02_Formular_verbindliches-Testregime_SuS.pdf\">2021-09-02_Formular_verbindliches-Testregime_SuS<\/a><a href=\"https:\/\/diesterwegschule-soemmerda.de\/wp-content\/uploads\/2021\/09\/2021-09-02_Formular_verbindliches-Testregime_SuS.pdf\" class=\"wp-block-file__button\" download>Herunterladen<\/a><\/div>\n","protected":false},"excerpt":{"rendered":"<p>(03.09.2021) Morgen finden die Einschulungsfeiern f\u00fcr unsere zwei ersten Klassen statt, am Montag beginnt der Unterricht f\u00fcr alle Sch\u00fcler in<\/p>\n","protected":false},"author":1,"featured_media":0,"comment_status":"closed","ping_status":"open","sticky":false,"template":"","format":"standard","meta":{"footnotes":""},"categories":[2],"tags":[],"class_list":["post-2466","post","type-post","status-publish","format-standard","hentry","category-allgemein"],"_links":{"self":[{"href":"https:\/\/diesterwegschule-soemmerda.de\/index.php?rest_route=\/wp\/v2\/posts\/2466","targetHints":{"allow":["GET"]}}],"collection":[{"href":"https:\/\/diesterwegschule-soemmerda.de\/index.php?rest_route=\/wp\/v2\/posts"}],"about":[{"href":"https:\/\/diesterwegschule-soemmerda.de\/index.php?rest_route=\/wp\/v2\/types\/post"}],"author":[{"embeddable":true,"href":"https:\/\/diesterwegschule-soemmerda.de\/index.php?rest_route=\/wp\/v2\/users\/1"}],"replies":[{"embeddable":true,"href":"https:\/\/diesterwegschule-soemmerda.de\/index.php?rest_route=%2Fwp%2Fv2%2Fcomments&post=2466"}],"version-history":[{"count":12,"href":"https:\/\/diesterwegschule-soemmerda.de\/index.php?rest_route=\/wp\/v2\/posts\/2466\/revisions"}],"predecessor-version":[{"id":2480,"href":"https:\/\/diesterwegschule-soemmerda.de\/index.php?rest_route=\/wp\/v2\/posts\/2466\/revisions\/2480"}],"wp:attachment":[{"href":"https:\/\/diesterwegschule-soemmerda.de\/index.php?rest_route=%2Fwp%2Fv2%2Fmedia&parent=2466"}],"wp:term":[{"taxonomy":"category","embeddable":true,"href":"https:\/\/diesterwegschule-soemmerda.de\/index.php?rest_route=%2Fwp%2Fv2%2Fcategories&post=2466"},{"taxonomy":"post_tag","embeddable":true,"href":"https:\/\/diesterwegschule-soemmerda.de\/index.php?rest_route=%2Fwp%2Fv2%2Ftags&post=2466"}],"curies":[{"name":"wp","href":"https:\/\/api.w.org\/{rel}","templated":true}]}}