{"id":2573,"date":"2021-10-06T12:43:06","date_gmt":"2021-10-06T12:43:06","guid":{"rendered":"https:\/\/diesterwegschule-soemmerda.de\/?p=2573"},"modified":"2021-10-06T12:43:06","modified_gmt":"2021-10-06T12:43:06","slug":"herbstferienprogramm-2","status":"publish","type":"post","link":"https:\/\/diesterwegschule-soemmerda.de\/?p=2573","title":{"rendered":"Herbstferienprogramm"},"content":{"rendered":"\n<p>(06.10.2021) Am Morgen ist es mittlerweile recht k\u00fchl, doch am Nachmittag zeigt der Herbst sich oft von seiner sch\u00f6nen Seite. Noch zweieinhalb Wochen Schule, dann stehen schon die Herbstferien vor der T\u00fcr. Wir betreuen Ihr Kind in den Ferien von 06.00 bis 16.30 Uhr.<br><br>Wenn Sie Ihr Kind bringen oder abholen, klingeln Sie bitte am Seiteneingang oder rufen Sie die Hort-Handynummer (0151) 29 20 15 78 an. Kinder, die allein nach Hause gehen d\u00fcrfen, m\u00fcssen unbedingt eine schriftliche Erlaubnis der Sorgeberechtigten mitbringen. Die den Kindern bekannten Hygieneregeln bleiben auch in den Ferien weiterbestehen. (Mund-Nasen-Schutz nicht vergessen!)<\/p>\n\n\n\n<p><strong>Gern kann Ihr Kind t\u00e4glich eigene Spiele und Malsachen mitbringen, aber elektronisches Spielzeug bleibt bitte zu Hause.<\/strong> <\/p>\n\n\n\n<p>Wir freuen uns auf die Ferien mit Ihrem Kind und haben folgendes Programm f\u00fcr die Kinder in den Herbstferien vorbereitet:<\/p>\n\n\n\n<p><span class=\"has-inline-color has-accent-color\"><strong>Herbstferienwoche vom 25.10.-29.10.2021<\/strong><\/span><br><strong>25.10.\u00a0 \u201eHerbst-Kreativtag\u201c<\/strong><br>Der Herbst ist da und wir gestalten ihn.<br><br><strong>26.10.\u00a0 \u201eFilm an \u2013 Regie Achtung!\u201c<\/strong><br>Besuch im Kino des SFZ in 2 Gruppen<br>09.30 Uhr \/ 12.00 Uhr<br>1,00 \u20ac bitte mitbringen<\/p>\n\n\n\n<p><strong>27.10.\u00a0 \u201eHerbstsportfest\u201c<\/strong><br>Gummistiefelweitwurf<br>Medizinball \u2013 K\u00fcrbis<br>Eierlauf mit \u00c4pfeln<br>Kastanien \u2013 Zielwurf<br><br>Turnschuhe nicht vergessen!<br><br><strong>28.10. \u201eAlte B\u00fccher \u2013 neu entdeckt\u201c<\/strong><br>Wir besuchen die Stadtbibliothek. (max. 30 Kinder in 2 Gruppen)<br><br><strong>29.10.\u00a0 \u201eSchaurig sch\u00f6nes Gruselbuffet\u201c<\/strong><br>Wir stellen in verschiedenen Gruppen Mumien, abgebrochene Finger, u.v.m. her.<br>Nat\u00fcrlich wird danach auch alles vernascht.<\/p>\n\n\n\n<p><strong><span class=\"has-inline-color has-accent-color\">Herbstferienwoche vom 01.11.-05.11.2021<\/span><\/strong><br><strong>01.11.\u00a0 \u201eSportspiele\u201c \u2013 in der Turnhalle<\/strong><br>Sportsachen nicht vergessen!<br><br>Spaziergang und Bl\u00e4tter sammeln.<br><br><strong>02.11. \u201eKino\u201c im SFZ<\/strong><br>Besuch im Kino des SFZ in 2 Gruppen<br>09.30 Uhr \/ 12.00 Uhr<br>1,00 \u20ac bitte mitbringen<br><br><strong>03.11.\u00a0 \u201eWir schwingen das Tanzbein\u201c mit der Tanzschule OPAL<\/strong><br>1. Gruppe 09.30 Uhr<br>2. Gruppe 10.15 Uhr<br>1,50 \u20ac bitte mitbringen<br><br>\u201eLieblingsbuch\u201c f\u00fcr den Nachmittag mitbringen.<br><br><strong>04.11. Wir lassen die Drachen steigen.<\/strong><br>Vergiss deinen Drachen nicht!<br><br>\u201eKegeln\u201c auf der Kegelbahn<br>1. Gruppe 13.00 Uhr<br>2. Gruppe 14.00 Uhr<br>1,00 \u20ac bitte mitbringen<br><br><strong>05.11. \u201eHerbstbasteln\u201c<\/strong><br>mit verschiedenen Materialien und Bl\u00e4ttern<\/p>\n","protected":false},"excerpt":{"rendered":"<p>(06.10.2021) Am Morgen ist es mittlerweile recht k\u00fchl, doch am Nachmittag zeigt der Herbst sich oft von seiner sch\u00f6nen Seite.<\/p>\n","protected":false},"author":1,"featured_media":2578,"comment_status":"closed","ping_status":"open","sticky":false,"template":"","format":"standard","meta":{"footnotes":""},"categories":[5],"tags":[],"class_list":["post-2573","post","type-post","status-publish","format-standard","has-post-thumbnail","hentry","category-hort"],"_links":{"self":[{"href":"https:\/\/diesterwegschule-soemmerda.de\/index.php?rest_route=\/wp\/v2\/posts\/2573","targetHints":{"allow":["GET"]}}],"collection":[{"href":"https:\/\/diesterwegschule-soemmerda.de\/index.php?rest_route=\/wp\/v2\/posts"}],"about":[{"href":"https:\/\/diesterwegschule-soemmerda.de\/index.php?rest_route=\/wp\/v2\/types\/post"}],"author":[{"embeddable":true,"href":"https:\/\/diesterwegschule-soemmerda.de\/index.php?rest_route=\/wp\/v2\/users\/1"}],"replies":[{"embeddable":true,"href":"https:\/\/diesterwegschule-soemmerda.de\/index.php?rest_route=%2Fwp%2Fv2%2Fcomments&post=2573"}],"version-history":[{"count":1,"href":"https:\/\/diesterwegschule-soemmerda.de\/index.php?rest_route=\/wp\/v2\/posts\/2573\/revisions"}],"predecessor-version":[{"id":2576,"href":"https:\/\/diesterwegschule-soemmerda.de\/index.php?rest_route=\/wp\/v2\/posts\/2573\/revisions\/2576"}],"wp:featuredmedia":[{"embeddable":true,"href":"https:\/\/diesterwegschule-soemmerda.de\/index.php?rest_route=\/wp\/v2\/media\/2578"}],"wp:attachment":[{"href":"https:\/\/diesterwegschule-soemmerda.de\/index.php?rest_route=%2Fwp%2Fv2%2Fmedia&parent=2573"}],"wp:term":[{"taxonomy":"category","embeddable":true,"href":"https:\/\/diesterwegschule-soemmerda.de\/index.php?rest_route=%2Fwp%2Fv2%2Fcategories&post=2573"},{"taxonomy":"post_tag","embeddable":true,"href":"https:\/\/diesterwegschule-soemmerda.de\/index.php?rest_route=%2Fwp%2Fv2%2Ftags&post=2573"}],"curies":[{"name":"wp","href":"https:\/\/api.w.org\/{rel}","templated":true}]}}