{"id":2608,"date":"2021-10-19T18:55:05","date_gmt":"2021-10-19T18:55:05","guid":{"rendered":"https:\/\/diesterwegschule-soemmerda.de\/?p=2608"},"modified":"2021-10-19T19:09:08","modified_gmt":"2021-10-19T19:09:08","slug":"weihnachtsmarkt-am-2-dezember","status":"publish","type":"post","link":"https:\/\/diesterwegschule-soemmerda.de\/?p=2608","title":{"rendered":"Weihnachtsmarkt am 2. Dezember"},"content":{"rendered":"\n<p>(19.10.2021) Es ist mittlerweile eine sch\u00f6ne Tradition an unserer Schule, dass unsere Erzieherin Petra Ritter in der Adventszeit einen Weihnachtsmarkt f\u00fcr unsere Sch\u00fcler durchf\u00fchrt. Mit dem Erl\u00f6s wird Kindern geholfen, die in Not geraten oder die schwer krank sind. In den vergangenen Jahren konnten wir z.B. das Kinder- und Jugendhospiz Mitteldeutschland unterst\u00fctzen.<\/p>\n\n\n\n<p><strong>Ihr, liebe Kinder, k\u00f6nnt Frau Ritter unterst\u00fctzen, in dem ihr Spielsachen und B\u00fccher, mit denen ihr nicht mehr spielt, aber die noch in Ordnung sind, f\u00fcr den Basar spendet. Nat\u00fcrlich m\u00fcssen eure Eltern einverstanden sein. Ab sofort k\u00f6nnt ihr eure Spenden bei Frau Ritter abgeben. <\/strong><\/p>\n\n\n\n<p>Am 2. Dezember findet der Basar in unserer Aula statt. Wenn ihr etwas kaufen m\u00f6chtet, bringt ein bisschen Taschengeld mit. Ihr findet sicher ein paar sch\u00f6ne Dinge, die euch gut gefallen. <\/p>\n","protected":false},"excerpt":{"rendered":"<p>(19.10.2021) Es ist mittlerweile eine sch\u00f6ne Tradition an unserer Schule, dass unsere Erzieherin Petra Ritter in der Adventszeit einen Weihnachtsmarkt<\/p>\n","protected":false},"author":1,"featured_media":2609,"comment_status":"closed","ping_status":"open","sticky":false,"template":"","format":"standard","meta":{"footnotes":""},"categories":[8],"tags":[],"class_list":["post-2608","post","type-post","status-publish","format-standard","has-post-thumbnail","hentry","category-schulleben"],"_links":{"self":[{"href":"https:\/\/diesterwegschule-soemmerda.de\/index.php?rest_route=\/wp\/v2\/posts\/2608","targetHints":{"allow":["GET"]}}],"collection":[{"href":"https:\/\/diesterwegschule-soemmerda.de\/index.php?rest_route=\/wp\/v2\/posts"}],"about":[{"href":"https:\/\/diesterwegschule-soemmerda.de\/index.php?rest_route=\/wp\/v2\/types\/post"}],"author":[{"embeddable":true,"href":"https:\/\/diesterwegschule-soemmerda.de\/index.php?rest_route=\/wp\/v2\/users\/1"}],"replies":[{"embeddable":true,"href":"https:\/\/diesterwegschule-soemmerda.de\/index.php?rest_route=%2Fwp%2Fv2%2Fcomments&post=2608"}],"version-history":[{"count":4,"href":"https:\/\/diesterwegschule-soemmerda.de\/index.php?rest_route=\/wp\/v2\/posts\/2608\/revisions"}],"predecessor-version":[{"id":2613,"href":"https:\/\/diesterwegschule-soemmerda.de\/index.php?rest_route=\/wp\/v2\/posts\/2608\/revisions\/2613"}],"wp:featuredmedia":[{"embeddable":true,"href":"https:\/\/diesterwegschule-soemmerda.de\/index.php?rest_route=\/wp\/v2\/media\/2609"}],"wp:attachment":[{"href":"https:\/\/diesterwegschule-soemmerda.de\/index.php?rest_route=%2Fwp%2Fv2%2Fmedia&parent=2608"}],"wp:term":[{"taxonomy":"category","embeddable":true,"href":"https:\/\/diesterwegschule-soemmerda.de\/index.php?rest_route=%2Fwp%2Fv2%2Fcategories&post=2608"},{"taxonomy":"post_tag","embeddable":true,"href":"https:\/\/diesterwegschule-soemmerda.de\/index.php?rest_route=%2Fwp%2Fv2%2Ftags&post=2608"}],"curies":[{"name":"wp","href":"https:\/\/api.w.org\/{rel}","templated":true}]}}