{"id":2743,"date":"2021-12-28T11:39:57","date_gmt":"2021-12-28T11:39:57","guid":{"rendered":"https:\/\/diesterwegschule-soemmerda.de\/?p=2743"},"modified":"2021-12-29T07:14:22","modified_gmt":"2021-12-29T07:14:22","slug":"schule-im-januar-2022","status":"publish","type":"post","link":"https:\/\/diesterwegschule-soemmerda.de\/?p=2743","title":{"rendered":"Schule im Januar 2022 (\u00c4nderung)"},"content":{"rendered":"\n<p>(27.12.2021) Wir hoffen Sie konnten gemeinsam mit Ihren Kindern sch\u00f6ne Weihnachtsfeiertage im Kreis der Familie verbringen und Kraft f\u00fcr die bevorstehende Zeit tanken. Bereits kurz vor den Weihnachtsferien lie\u00df das Bildungsministerium \u00fcber die Medien verlauten, wie es im neuen Jahr mit der Schule weitergehen soll. \u00dcber die ersten zwei unterrichtsfreien Tage haben wir Sie bereits informiert. Danach soll f\u00fcr 1,5 Wochen Distanzunterricht erfolgen, sp\u00e4ter wird in kleineren Lerngruppen und damit im Wechselmodell gerlernt.<\/p>\n\n\n\n<p>Konkret vorgesehen ist:<\/p>\n\n\n\n<ul class=\"wp-block-list\"><li><strong>Kein regul\u00e4rer Unterricht am 3. und 4. Januar 2022<\/strong> zur Kontaktminimierung und Vorbereitung f\u00fcr die Schulen. Das Bildungsministerium appelliert an alle Familien mit schulpflichtigen Kindern, diese nach M\u00f6glichkeit zu Hause zu betreuen. Die Schulen bieten in diesen zwei Tagen eine Notbetreuung ohne Zugangsvoraussetzungen f\u00fcr die Klassenstufen 1 bis 6 an, die F\u00f6rderschulen f\u00fcr alle Klassenstufen.<\/li><li><strong>Distanzunterricht vom 5. bis 14. Januar 2022<\/strong>. Eine Notbetreuung findet ausschlie\u00dflich f\u00fcr Sch\u00fclerinnen und Sch\u00fcler der Klassen 1 bis 6 statt, deren Eltern in der kritischen Infrastruktur arbeiten, und f\u00fcr alle Sch\u00fclerinnen und Sch\u00fcler der F\u00f6rderschulen. <\/li><li><strong>Wechselunterricht und feste Gruppen ab 17. Januar 2022<\/strong>: In den Klassenstufen der Primar- und Sekundarstufe I findet Unterricht in der festen Gruppe und in Wechselmodellen statt. Die Schulen erhalten hier weiten Gestaltungsspielraum.<\/li><li>Bis auf weiteres bleibt es bei der zweimaligen Testung pro Woche. <\/li><li>Die Maskenpflicht bleibt bestehen. <\/li><li>Betretungsverbote: Wie bisher gelten Betretungsverbote f\u00fcr symptomatische Personen. Neu ist, dass auch Personen, die die Teilnahme am Testen und\/oder das Tragen einer Maske verweigern, die Schulen nicht betreten d\u00fcrfen. Solche Sch\u00fclerinnen und Sch\u00fcler haben auch keinen Anspruch auf Notbetreuung.<\/li><\/ul>\n\n\n\n<p><strong><span class=\"has-inline-color has-tertiary-color\">Wer hat Anspruch auf Notbetreuung ab 5.1.2021?<\/span><\/strong><br>Die Th\u00fcringer SARS-CoV-2-Infektionsschutz-Ma\u00dfnahmenverordnung regelt die Notbetreuung ab 5. Januar wie folgt (Auszug aus \u00a726a Schulbetrieb):<\/p>\n\n\n\n<p>(4) Wird mit der Anordnung nach Absatz 1 Satz 2 die Einrichtung einer Notbetreuung angeordnet, haben Sch\u00fcler in den durch die Anordnung bestimmten F\u00e4llen Zugang zur Notbetreuung,<\/p>\n\n\n\n<ol class=\"wp-block-list\"><li>deren Betreuung aus Gr\u00fcnden des Kinderschutzes geboten erscheint,<\/li><li>deren Betreuung aufgrund eines sonderp\u00e4dagogischen F\u00f6rderbedarfs erforderlich ist,<\/li><li>soweit ein Personensorgeberechtigter im Bereich der Gesundheitsversorgung und Pflege t\u00e4tig ist und keine anderweitige zumutbare Betreuungsm\u00f6glichkeit, insbesondere durch andere Personensorgeberechtigte, sicherstellen kann, oder<\/li><li>wenn ein Personensorgeberechtigter<br>a) an einer Betreuung des Kindes<br><br>aa) aufgrund dienstlicher oder betrieblicher Gr\u00fcnde, die eine Erledigung der T\u00e4tigkeit in Heimarbeit unm\u00f6glich machen, oder<br>bb) als Sch\u00fcler, Auszubildender oder Studierender wegen der Teilnahme an notwendigen Pr\u00fcfungen oder Praktika oder am notwendigen Pr\u00e4senzunterricht <br><br>gehindert ist <strong>und<\/strong><br><br>b) keine anderweitige zumutbare Betreuungsm\u00f6glichkeit, insbesondere durch andere Personensorgeberechtigte, sicherstellen kann <strong>sowie<\/strong><br><br>c) im Fall des Buchstaben a Doppelbuchst. aa zum zwingend f\u00fcr den Betrieb ben\u00f6tigten Personal in der Pandemieabwehr oder -bew\u00e4ltigung oder in Bereichen von erhebli-chem \u00f6ffentlichen Interesse geh\u00f6rt, insbesondere in den Bereichen<br><br>aa) Bildung, Erziehung und Wissenschaft,<br>bb) Kinder- und Jugendhilfe,<br>cc) Sicherstellung der \u00f6ffentlichen Sicherheit und Ordnung, der \u00f6ffentlichen Verwal-tung, der Rechtspflege und der rechtlichen Betreuung,<br>dd) Sicherstellung der \u00f6ffentlichen Infrastruktur und Versorgungssicherheit,<br>ee) Informationstechnik und Telekommunikation,<br>ff) Medien,<br>gg) Finanz- und Rechtswesen,<br>hh) Transport und Verkehr,<br>ii) Ern\u00e4hrung und Versorgung mit Waren des t\u00e4glichen Bedarfs.<\/li><\/ol>\n\n\n\n<p>(5) Ob die Voraussetzungen nach Absatz 4 Nr. 1 und 2 vorliegen, entscheiden die Schulleitung oder das f\u00fcr den Sch\u00fcler \u00f6rtlich zust\u00e4ndige Jugendamt. Ob die Voraussetzungen nach Absatz 4 Nr. 3 oder 4 vorliegen, entscheidet die Schulleitung.<br>Als Nachweis f\u00fcr die arbeitsplatz-, besch\u00e4ftigungs- oder ausbildungsbezogenen Voraussetzungen des Absatzes 4 Nr. 4 Buchst. a und c gen\u00fcgt eine Bescheinigung des Arbeitgebers, des Dienstherrn, der Schule, der Hochschule oder der Ausbildungsstelle. Die weiteren Voraussetzungen nach Absatz 4 sind von den Personensorgeberechtigten gegen\u00fcber der Schulleitung formlos glaubhaft zu machen.<\/p>\n\n\n\n<p><span class=\"has-inline-color has-tertiary-color\"><strong>\u00c4NDERUNG:<br>Seit dem 28.12. steht folgendes Formular zur Verf\u00fcgung:<\/strong><\/span><\/p>\n\n\n\n<div data-wp-interactive=\"core\/file\" class=\"wp-block-file\"><object data-wp-bind--hidden=\"!state.hasPdfPreview\" hidden class=\"wp-block-file__embed\" data=\"https:\/\/diesterwegschule-soemmerda.de\/wp-content\/uploads\/2021\/12\/2022_Antrag_Notbetreuung.pdf\" type=\"application\/pdf\" style=\"width:100%;height:600px\" aria-label=\"Einbettung von Einbettung von 2022_Antrag_Notbetreuung..\"><\/object><a href=\"https:\/\/diesterwegschule-soemmerda.de\/wp-content\/uploads\/2021\/12\/2022_Antrag_Notbetreuung.pdf\">2022_Antrag_Notbetreuung<\/a><a href=\"https:\/\/diesterwegschule-soemmerda.de\/wp-content\/uploads\/2021\/12\/2022_Antrag_Notbetreuung.pdf\" class=\"wp-block-file__button\" download>Herunterladen<\/a><\/div>\n\n\n\n<p><br><span class=\"has-inline-color has-tertiary-color\"><strong>Diese k\u00f6nnen Sie uns \u00fcber den Schulbriefkasten oder per Mail zukommen lassen. <\/strong><\/span><\/p>\n\n\n\n<p>Bitte informieren Sie sich regelm\u00e4\u00dfig auf unserer Schulhomepage. Sobald wir neue Informationen vom Ministerium haben, werden wir Sie \u00fcber die Umsetzung dieser Vorgaben an dieser Stelle informieren. <\/p>\n","protected":false},"excerpt":{"rendered":"<p>(27.12.2021) Wir hoffen Sie konnten gemeinsam mit Ihren Kindern sch\u00f6ne Weihnachtsfeiertage im Kreis der Familie verbringen und Kraft f\u00fcr die<\/p>\n","protected":false},"author":1,"featured_media":0,"comment_status":"closed","ping_status":"open","sticky":false,"template":"","format":"standard","meta":{"footnotes":""},"categories":[2],"tags":[],"class_list":["post-2743","post","type-post","status-publish","format-standard","hentry","category-allgemein"],"_links":{"self":[{"href":"https:\/\/diesterwegschule-soemmerda.de\/index.php?rest_route=\/wp\/v2\/posts\/2743","targetHints":{"allow":["GET"]}}],"collection":[{"href":"https:\/\/diesterwegschule-soemmerda.de\/index.php?rest_route=\/wp\/v2\/posts"}],"about":[{"href":"https:\/\/diesterwegschule-soemmerda.de\/index.php?rest_route=\/wp\/v2\/types\/post"}],"author":[{"embeddable":true,"href":"https:\/\/diesterwegschule-soemmerda.de\/index.php?rest_route=\/wp\/v2\/users\/1"}],"replies":[{"embeddable":true,"href":"https:\/\/diesterwegschule-soemmerda.de\/index.php?rest_route=%2Fwp%2Fv2%2Fcomments&post=2743"}],"version-history":[{"count":8,"href":"https:\/\/diesterwegschule-soemmerda.de\/index.php?rest_route=\/wp\/v2\/posts\/2743\/revisions"}],"predecessor-version":[{"id":2753,"href":"https:\/\/diesterwegschule-soemmerda.de\/index.php?rest_route=\/wp\/v2\/posts\/2743\/revisions\/2753"}],"wp:attachment":[{"href":"https:\/\/diesterwegschule-soemmerda.de\/index.php?rest_route=%2Fwp%2Fv2%2Fmedia&parent=2743"}],"wp:term":[{"taxonomy":"category","embeddable":true,"href":"https:\/\/diesterwegschule-soemmerda.de\/index.php?rest_route=%2Fwp%2Fv2%2Fcategories&post=2743"},{"taxonomy":"post_tag","embeddable":true,"href":"https:\/\/diesterwegschule-soemmerda.de\/index.php?rest_route=%2Fwp%2Fv2%2Ftags&post=2743"}],"curies":[{"name":"wp","href":"https:\/\/api.w.org\/{rel}","templated":true}]}}