{"id":2887,"date":"2022-03-11T13:23:12","date_gmt":"2022-03-11T13:23:12","guid":{"rendered":"https:\/\/diesterwegschule-soemmerda.de\/?p=2887"},"modified":"2022-03-11T15:20:15","modified_gmt":"2022-03-11T15:20:15","slug":"mit-kindern-ueber-den-krieg-sprechen","status":"publish","type":"post","link":"https:\/\/diesterwegschule-soemmerda.de\/?p=2887","title":{"rendered":"Mit Kindern \u00fcber den Krieg sprechen &#8230;"},"content":{"rendered":"\n<p>(11.03.2022) Nun ereilt uns nach der einen Krise auch schon die n\u00e4chste unerwartete Aufgabe. Diese stellt nicht nur uns Erwachsene vor gro\u00dfe Herausforderungen. In dieser schweren Zeit versuchen wir als Schule Ihren Kindern mehr denn je beiseite zu stehen, ihnen zuzuh\u00f6ren, ihre Sorgen und \u00c4ngste ernst zu nehmen. Nat\u00fcrlich m\u00f6chten wir Sie als Eltern nicht allein lassen und Ihnen ein paar Tipps im Umgang mit der f\u00fcr alle v\u00f6llig neuen Situation geben. <strong>Unsere Schulsozialarbeiterin Antje Germershaus hat ein paar Tipps im Umgang mit dem Krieg zusammengestellt.<\/strong><\/p>\n\n\n\n<p><strong><mark style=\"background-color:rgba(0, 0, 0, 0)\" class=\"has-inline-color has-tertiary-color\">Ehrlich reden und keinen Platz f\u00fcr Phantasien lassen<\/mark><\/strong><br>Die meisten Kinder merken, dass etwas passiert, was die Erwachsenen in Sorge versetzt und \u00e4ngstigt. Wenn ein Kind beunruhigt ist und nachfragt, sollte man ehrlich antworten und nichts besch\u00f6nigen. Allerdings ohne dabei Panik oder Angst zu verbreiten. Ein Kind kann die Bedrohung durch den Krieg noch nicht einsch\u00e4tzen, aber sehr wohl die Gef\u00fchlslage seiner Eltern. Nichts ist schlimmer, als die Kinder ihren Phantasien zu \u00fcberlassen, denn&nbsp;wenn sie keine Erkl\u00e4rung bekommen, bl\u00fchen die Phantasien und \u00c4ngste.<\/p>\n\n\n\n<p><strong><mark style=\"background-color:rgba(0, 0, 0, 0)\" class=\"has-inline-color has-tertiary-color\">Die richtigen Worte finden<\/mark><\/strong><br>Die Wahrheit muss aber unbedingt dem Alter des Kindes angepasst werden. Mit Pubertierenden kann \u00fcber Krieg offen gesprochen werden, mit einem f\u00fcnfj\u00e4hrigen Kind nicht. Man sollte auf jeden Fall versuchen, seine Kinder so gut es geht, von den Bildern und Informationen fernzuhalten. L\u00fcgen soll man allerdings nicht. <br>&#8222;Was hast Du gelesen, was besch\u00e4ftigt Dich?&#8220; &#8211; Versuchen Sie die Fragen Ihres Kindes altersgem\u00e4\u00df zu beantworten. Hilfreich k\u00f6nnen dabei auch Beitr\u00e4ge aus dem Kinderfernsehen sein, die wir Ihnen unten verlinkt haben. Es ist wichtig f\u00fcr die Kinder zu wissen, dass ihre Eltern f\u00fcr sie da sind und sie besch\u00fctzen werden.<\/p>\n\n\n\n<p><strong><mark style=\"background-color:rgba(0, 0, 0, 0)\" class=\"has-inline-color has-tertiary-color\">Gute Selbstsorge ist gute Sorge f\u00fcr Kinder und Jugendliche!<\/mark><\/strong><br>Es ist wichtig, den eigenen Medienkonsum bewusster zu steuern, ggf. einschr\u00e4nken. Denn h\u00f6rt und schaut man von morgens bis abends nur schlimme Nachrichten, ger\u00e4t man in einen permanenten Erregungszustand, der sich auch auf die Kinder und Jugendliche \u00fcbertragen kann.<br><\/p>\n\n\n\n<figure class=\"wp-block-gallery has-nested-images columns-default is-cropped wp-block-gallery-1 is-layout-flex wp-block-gallery-is-layout-flex\">\n<figure class=\"wp-block-image size-large\"><img loading=\"lazy\" decoding=\"async\" width=\"1000\" height=\"669\" data-id=\"2889\" src=\"http:\/\/diesterwegschule-soemmerda.de\/wp-content\/uploads\/2022\/03\/2022-03-11-Ukraine_2.jpg\" alt=\"\" class=\"wp-image-2889\" srcset=\"https:\/\/diesterwegschule-soemmerda.de\/wp-content\/uploads\/2022\/03\/2022-03-11-Ukraine_2.jpg 1000w, https:\/\/diesterwegschule-soemmerda.de\/wp-content\/uploads\/2022\/03\/2022-03-11-Ukraine_2-300x201.jpg 300w, https:\/\/diesterwegschule-soemmerda.de\/wp-content\/uploads\/2022\/03\/2022-03-11-Ukraine_2-768x514.jpg 768w, https:\/\/diesterwegschule-soemmerda.de\/wp-content\/uploads\/2022\/03\/2022-03-11-Ukraine_2-120x80.jpg 120w\" sizes=\"auto, (max-width: 1000px) 100vw, 1000px\" \/><\/figure>\n\n\n\n<figure class=\"wp-block-image size-large\"><img loading=\"lazy\" decoding=\"async\" width=\"1000\" height=\"849\" data-id=\"2892\" src=\"http:\/\/diesterwegschule-soemmerda.de\/wp-content\/uploads\/2022\/03\/2022-03-11-Ukraine_5.jpg\" alt=\"\" class=\"wp-image-2892\" srcset=\"https:\/\/diesterwegschule-soemmerda.de\/wp-content\/uploads\/2022\/03\/2022-03-11-Ukraine_5.jpg 1000w, https:\/\/diesterwegschule-soemmerda.de\/wp-content\/uploads\/2022\/03\/2022-03-11-Ukraine_5-300x255.jpg 300w, https:\/\/diesterwegschule-soemmerda.de\/wp-content\/uploads\/2022\/03\/2022-03-11-Ukraine_5-768x652.jpg 768w\" sizes=\"auto, (max-width: 1000px) 100vw, 1000px\" \/><\/figure>\n\n\n\n<figure class=\"wp-block-image size-large\"><img loading=\"lazy\" decoding=\"async\" width=\"1000\" height=\"666\" data-id=\"2891\" src=\"http:\/\/diesterwegschule-soemmerda.de\/wp-content\/uploads\/2022\/03\/2022-03-11-Ukraine_4.jpg\" alt=\"\" class=\"wp-image-2891\" srcset=\"https:\/\/diesterwegschule-soemmerda.de\/wp-content\/uploads\/2022\/03\/2022-03-11-Ukraine_4.jpg 1000w, https:\/\/diesterwegschule-soemmerda.de\/wp-content\/uploads\/2022\/03\/2022-03-11-Ukraine_4-300x200.jpg 300w, https:\/\/diesterwegschule-soemmerda.de\/wp-content\/uploads\/2022\/03\/2022-03-11-Ukraine_4-768x511.jpg 768w, https:\/\/diesterwegschule-soemmerda.de\/wp-content\/uploads\/2022\/03\/2022-03-11-Ukraine_4-120x80.jpg 120w\" sizes=\"auto, (max-width: 1000px) 100vw, 1000px\" \/><\/figure>\n<figcaption class=\"blocks-gallery-caption\">Unsere Schulkinder aller Klassen basteln flei\u00dfig Friedenssymbole, die unser Schulhaus schm\u00fccken sollen.<\/figcaption><\/figure>\n\n\n\n<p><strong>Hier haben wir eine Auswahl an f\u00fcr Kindern geeigneten Beitr\u00e4gen \u00fcber den Krieg in der Ukraine herausgesucht:<\/strong><\/p>\n\n\n\n<p>Der <strong><mark style=\"background-color:rgba(0, 0, 0, 0)\" class=\"has-inline-color has-tertiary-color\">Kinderkanal <\/mark><\/strong>hat den Krieg in der Ukraine kindgerecht aufgearbeitet und viele sehenswerte Beitr\u00e4ge in seiner Mediathek:<br><a rel=\"noreferrer noopener\" href=\"https:\/\/www.kika.de\/index.html\" target=\"_blank\">https:\/\/www.kika.de\/index.html<\/a><\/p>\n\n\n\n<p>Ebenfalls f\u00fcr die Kika-Mediathek hat <strong><mark style=\"background-color:rgba(0, 0, 0, 0)\" class=\"has-inline-color has-tertiary-color\">Checker Tobi<\/mark> <\/strong>mehrere Erkl\u00e4rvideos f\u00fcr Kinder produziert.<br><a rel=\"noreferrer noopener\" href=\"https:\/\/www.kika.de\/suche\/suche104.html?q=chex+ukraine\" target=\"_blank\">https:\/\/www.kika.de\/suche\/suche104.html?q=chex+ukraine<\/a><\/p>\n\n\n\n<p><strong><mark style=\"background-color:rgba(0, 0, 0, 0)\" class=\"has-inline-color has-tertiary-color\">\u201eSCHAU HIN! Was Dein Kind mit Medien macht.\u201c<\/mark><\/strong> ist eine gemeinsame Initiative des Bundesministeriums f\u00fcr Familie, Senioren, Frauen und Jugend. Hier gibt es ein aktuelles Erkl\u00e4r-St\u00fcck:<br><a rel=\"noreferrer noopener\" href=\"https:\/\/www.schau-hin.info\/news\/krieg-in-der-ukraine-kinder-mit-nachrichten-nicht-allein-lassen\" target=\"_blank\">Konflikt&nbsp;in der Ukraine: Kinder mit Nachrichten nicht allein lassen.<\/a><\/p>\n\n\n\n<p>Die <strong><mark style=\"background-color:rgba(0, 0, 0, 0)\" class=\"has-inline-color has-tertiary-color\">Kindernachrichtenseite &#8222;seitenstark&#8220;<\/mark><\/strong> erkl\u00e4rt kindgerecht, was Eltern und Kinder zu den aktuellen Ereignissen in der Ukraine wissen m\u00fcssen:<br><a rel=\"noreferrer noopener\" href=\"https:\/\/seitenstark.de\/kinder\/thema-der-woche\/krieg-in-der-ukraine\" target=\"_blank\">https:\/\/seitenstark.de\/kinder\/thema-der-woche\/krieg-in-der-ukraine<\/a><\/p>\n\n\n\n<p>Auch die <mark style=\"background-color:rgba(0, 0, 0, 0)\" class=\"has-inline-color has-tertiary-color\"><strong>Sendung mit der Maus<\/strong> <\/mark>vom WDR hat eine kindgerechte Infoseite aufbereitet.&nbsp;<br><a rel=\"noreferrer noopener\" href=\"https:\/\/www.wdrmaus.de\/extras\/mausthemen\/ukraine\/index.php5\" target=\"_blank\">https:\/\/www.wdrmaus.de\/extras\/mausthemen\/ukraine\/index.php5<\/a><\/p>\n\n\n\n<figure class=\"wp-block-image size-full\"><img loading=\"lazy\" decoding=\"async\" width=\"1000\" height=\"731\" src=\"http:\/\/diesterwegschule-soemmerda.de\/wp-content\/uploads\/2022\/03\/2022-03-11-Ukraine_3.jpg\" alt=\"\" class=\"wp-image-2890\" srcset=\"https:\/\/diesterwegschule-soemmerda.de\/wp-content\/uploads\/2022\/03\/2022-03-11-Ukraine_3.jpg 1000w, https:\/\/diesterwegschule-soemmerda.de\/wp-content\/uploads\/2022\/03\/2022-03-11-Ukraine_3-300x219.jpg 300w, https:\/\/diesterwegschule-soemmerda.de\/wp-content\/uploads\/2022\/03\/2022-03-11-Ukraine_3-768x561.jpg 768w\" sizes=\"auto, (max-width: 1000px) 100vw, 1000px\" \/><\/figure>\n\n\n\n<p><strong>Beratung f\u00fcr Kinder, Jugendliche und Eltern<\/strong><\/p>\n\n\n\n<p>Die &#8222;<a rel=\"noreferrer noopener\" href=\"https:\/\/www.nummergegenkummer.de\/\" target=\"_blank\">Nummer gegen Kummer<\/a>&#8220; bietet Telefonberatung f\u00fcr Kinder, Jugendliche und Eltern.<\/p>\n\n\n\n<p>Das <a href=\"https:\/\/www.nummergegenkummer.de\/\" target=\"_blank\" rel=\"noreferrer noopener\">Elterntelefon richtet sich an M\u00fctter und V\u00e4ter<\/a>, die sich unkompliziert und anonym konkrete Ratschl\u00e4ge holen m\u00f6chten.<\/p>\n\n\n\n<p><strong>F\u00fcr Ihre gr\u00f6\u00dferen Kinder bietet sich folgende Seite an:<\/strong><\/p>\n\n\n\n<p>Bundeszentrale f\u00fcr politische Bildung (bpb): <br><a href=\"https:\/\/www.hanisauland.de\/wissen\/lexikon\/grosses-lexikon\/u\/ukraine-krieg\" target=\"_blank\" rel=\"noreferrer noopener\">https:\/\/www.hanisauland.de\/wissen\/lexikon\/grosses-lexikon\/u\/ukraine-krieg<\/a><\/p>\n\n\n\n<p><a rel=\"noreferrer noopener\" href=\"https:\/\/www.frieden-fragen.de\/\" target=\"_blank\">Frieden-fragen.de<\/a><\/p>\n\n\n\n<p><mark style=\"background-color:rgba(0, 0, 0, 0)\" class=\"has-inline-color has-black-color\"><strong>Lassen Sie Ihre Kinder auch beim St\u00f6bern auf den kindgerechten Seiten nicht allein. Manchmal gen\u00fcgt schon allein die N\u00e4he einer f\u00fcr das Kind wichtigen Bezugsperson, um Kindern die n\u00f6tige Kraft zu geben<\/strong>.<\/mark><\/p>\n","protected":false},"excerpt":{"rendered":"<p>(11.03.2022) Nun ereilt uns nach der einen Krise auch schon die n\u00e4chste unerwartete Aufgabe. Diese stellt nicht nur uns Erwachsene<\/p>\n","protected":false},"author":1,"featured_media":2888,"comment_status":"closed","ping_status":"open","sticky":false,"template":"","format":"standard","meta":{"footnotes":""},"categories":[2],"tags":[],"class_list":["post-2887","post","type-post","status-publish","format-standard","has-post-thumbnail","hentry","category-allgemein"],"_links":{"self":[{"href":"https:\/\/diesterwegschule-soemmerda.de\/index.php?rest_route=\/wp\/v2\/posts\/2887","targetHints":{"allow":["GET"]}}],"collection":[{"href":"https:\/\/diesterwegschule-soemmerda.de\/index.php?rest_route=\/wp\/v2\/posts"}],"about":[{"href":"https:\/\/diesterwegschule-soemmerda.de\/index.php?rest_route=\/wp\/v2\/types\/post"}],"author":[{"embeddable":true,"href":"https:\/\/diesterwegschule-soemmerda.de\/index.php?rest_route=\/wp\/v2\/users\/1"}],"replies":[{"embeddable":true,"href":"https:\/\/diesterwegschule-soemmerda.de\/index.php?rest_route=%2Fwp%2Fv2%2Fcomments&post=2887"}],"version-history":[{"count":4,"href":"https:\/\/diesterwegschule-soemmerda.de\/index.php?rest_route=\/wp\/v2\/posts\/2887\/revisions"}],"predecessor-version":[{"id":2896,"href":"https:\/\/diesterwegschule-soemmerda.de\/index.php?rest_route=\/wp\/v2\/posts\/2887\/revisions\/2896"}],"wp:featuredmedia":[{"embeddable":true,"href":"https:\/\/diesterwegschule-soemmerda.de\/index.php?rest_route=\/wp\/v2\/media\/2888"}],"wp:attachment":[{"href":"https:\/\/diesterwegschule-soemmerda.de\/index.php?rest_route=%2Fwp%2Fv2%2Fmedia&parent=2887"}],"wp:term":[{"taxonomy":"category","embeddable":true,"href":"https:\/\/diesterwegschule-soemmerda.de\/index.php?rest_route=%2Fwp%2Fv2%2Fcategories&post=2887"},{"taxonomy":"post_tag","embeddable":true,"href":"https:\/\/diesterwegschule-soemmerda.de\/index.php?rest_route=%2Fwp%2Fv2%2Ftags&post=2887"}],"curies":[{"name":"wp","href":"https:\/\/api.w.org\/{rel}","templated":true}]}}