{"id":2905,"date":"2022-03-17T19:32:38","date_gmt":"2022-03-17T19:32:38","guid":{"rendered":"https:\/\/diesterwegschule-soemmerda.de\/?p=2905"},"modified":"2022-03-17T20:21:15","modified_gmt":"2022-03-17T20:21:15","slug":"infektionsschutz-ab-19-maerz-2022","status":"publish","type":"post","link":"https:\/\/diesterwegschule-soemmerda.de\/?p=2905","title":{"rendered":"Infektionsschutz ab 19. M\u00e4rz 2022"},"content":{"rendered":"\n<p>(17.03.2022) Mit dem heutigen Tag informierte uns das Th\u00fcringer Ministerium f\u00fcr Bildung, Jugend und Sport vorab \u00fcber inhaltliche Vorgaben der neuen Infektionsschutzma\u00dfnahmen in der Schule:<\/p>\n\n\n\n<p><strong>Testungen und Zugangsbeschr\u00e4nkungen<\/strong><br>Die Teilnahme an den Testungen f\u00fcr Sch\u00fclerinnen und Sch\u00fcler ist weiterhin verpflichtend. Das Verfahren f\u00fcr die Durchf\u00fchrung der Testungen in der Schule wird beibehalten.<\/p>\n\n\n\n<p>Die Zugangsbeschr\u00e4nkung (3G-Nachweis) f\u00fcr Eltern und einrichtungsfremde Personen entf\u00e4llt; f\u00fcr diese besteht bei Betreten des Schulgeb\u00e4udes die Pflicht zur Verwendung einer qualifizierten Gesichtsmaske.<\/p>\n\n\n\n<p><strong>Maskenpflicht<\/strong><br>Ab Montag besteht keine Maskenpflicht mehr im Unterricht f\u00fcr Sch\u00fclerinnen und Sch\u00fcler der Primarstufe und F\u00f6rderschulen sowie kein Betretungsverbot bei Maskenverweigerung. Im \u00dcbrigen bleibt es bei den derzeitigen Regelungen zur Maskenpflicht, d.h. unsere Sch\u00fcler tragen einen Mund-Nasen-Schutz beim morgendlichen Betreten des Schulgel\u00e4ndes und beim Raumwechsel. Im Unterrichtsraum tragen die Kinder den Mund-Nasen-Schutz nicht. Beim Sch\u00fclertransport ist das Tragen eines Mund-Nasen-Schutzes verpflichtend.<\/p>\n\n\n\n<p><strong>Diese Ma\u00dfnahmen gelten vorerst bis 2. April 2022.<\/strong><\/p>\n\n\n\n<p>Wir informieren Sie wie gehabt auf unserer Homepage sobald wir Neuigkeiten erfahren. <\/p>\n","protected":false},"excerpt":{"rendered":"<p>(17.03.2022) Mit dem heutigen Tag informierte uns das Th\u00fcringer Ministerium f\u00fcr Bildung, Jugend und Sport vorab \u00fcber inhaltliche Vorgaben der<\/p>\n","protected":false},"author":1,"featured_media":0,"comment_status":"closed","ping_status":"open","sticky":false,"template":"","format":"standard","meta":{"footnotes":""},"categories":[2],"tags":[],"class_list":["post-2905","post","type-post","status-publish","format-standard","hentry","category-allgemein"],"_links":{"self":[{"href":"https:\/\/diesterwegschule-soemmerda.de\/index.php?rest_route=\/wp\/v2\/posts\/2905","targetHints":{"allow":["GET"]}}],"collection":[{"href":"https:\/\/diesterwegschule-soemmerda.de\/index.php?rest_route=\/wp\/v2\/posts"}],"about":[{"href":"https:\/\/diesterwegschule-soemmerda.de\/index.php?rest_route=\/wp\/v2\/types\/post"}],"author":[{"embeddable":true,"href":"https:\/\/diesterwegschule-soemmerda.de\/index.php?rest_route=\/wp\/v2\/users\/1"}],"replies":[{"embeddable":true,"href":"https:\/\/diesterwegschule-soemmerda.de\/index.php?rest_route=%2Fwp%2Fv2%2Fcomments&post=2905"}],"version-history":[{"count":2,"href":"https:\/\/diesterwegschule-soemmerda.de\/index.php?rest_route=\/wp\/v2\/posts\/2905\/revisions"}],"predecessor-version":[{"id":2907,"href":"https:\/\/diesterwegschule-soemmerda.de\/index.php?rest_route=\/wp\/v2\/posts\/2905\/revisions\/2907"}],"wp:attachment":[{"href":"https:\/\/diesterwegschule-soemmerda.de\/index.php?rest_route=%2Fwp%2Fv2%2Fmedia&parent=2905"}],"wp:term":[{"taxonomy":"category","embeddable":true,"href":"https:\/\/diesterwegschule-soemmerda.de\/index.php?rest_route=%2Fwp%2Fv2%2Fcategories&post=2905"},{"taxonomy":"post_tag","embeddable":true,"href":"https:\/\/diesterwegschule-soemmerda.de\/index.php?rest_route=%2Fwp%2Fv2%2Ftags&post=2905"}],"curies":[{"name":"wp","href":"https:\/\/api.w.org\/{rel}","templated":true}]}}