{"id":2991,"date":"2022-05-09T19:13:58","date_gmt":"2022-05-09T19:13:58","guid":{"rendered":"https:\/\/diesterwegschule-soemmerda.de\/?p=2991"},"modified":"2022-05-09T19:21:02","modified_gmt":"2022-05-09T19:21:02","slug":"unter-die-erde-geschaut","status":"publish","type":"post","link":"https:\/\/diesterwegschule-soemmerda.de\/?p=2991","title":{"rendered":"Unter die Erde geschaut &#8230;"},"content":{"rendered":"\n<p>(09.05.2022) Der Zufall wollte es so, dass es heute genau zwei Monate her war, dass die Kinder der Klasse 2a die Radieschen ges\u00e4t hatten. Am 9. M\u00e4rz bestaunten die Kinder in der Schulgartenstunde die Gr\u00f6\u00dfe der Radieschensamen (<em>&#8222;Daraus soll ein Radieschen werden?&#8220;<\/em>) und besprachen wie man Radieschen s\u00e4t und was ein Samenkorn zum Wachsen braucht. F\u00fcr die Samenk\u00f6rner hatte Klassenlehrerin Anne H\u00f6lzer besondere Pflanzgef\u00e4\u00dfe mitgebracht. Diese hatten n\u00e4mlich eine mit plexiglasversehene Seite, durch die genau beobachtet werden konnte, wie sich aus winzigen K\u00f6rnchen dicke Radieschen entwickelten. Das Saatgut wurde direkt an die Scheibe ges\u00e4t, so dass jeder Entwicklungsschritt genau beobachtet werden konnte.<\/p>\n\n\n\n<figure class=\"wp-block-gallery has-nested-images columns-default is-cropped wp-block-gallery-1 is-layout-flex wp-block-gallery-is-layout-flex\">\n<figure class=\"wp-block-image size-large\"><img loading=\"lazy\" decoding=\"async\" width=\"1000\" height=\"806\" data-id=\"2992\" src=\"http:\/\/diesterwegschule-soemmerda.de\/wp-content\/uploads\/2022\/05\/2022-05-09-Radieschen01.jpg\" alt=\"\" class=\"wp-image-2992\" srcset=\"https:\/\/diesterwegschule-soemmerda.de\/wp-content\/uploads\/2022\/05\/2022-05-09-Radieschen01.jpg 1000w, https:\/\/diesterwegschule-soemmerda.de\/wp-content\/uploads\/2022\/05\/2022-05-09-Radieschen01-300x242.jpg 300w, https:\/\/diesterwegschule-soemmerda.de\/wp-content\/uploads\/2022\/05\/2022-05-09-Radieschen01-768x619.jpg 768w\" sizes=\"auto, (max-width: 1000px) 100vw, 1000px\" \/><\/figure>\n\n\n\n<figure class=\"wp-block-image size-large\"><img loading=\"lazy\" decoding=\"async\" width=\"1000\" height=\"1099\" data-id=\"2993\" src=\"http:\/\/diesterwegschule-soemmerda.de\/wp-content\/uploads\/2022\/05\/2022-05-09-Radieschen02.jpg\" alt=\"\" class=\"wp-image-2993\" srcset=\"https:\/\/diesterwegschule-soemmerda.de\/wp-content\/uploads\/2022\/05\/2022-05-09-Radieschen02.jpg 1000w, https:\/\/diesterwegschule-soemmerda.de\/wp-content\/uploads\/2022\/05\/2022-05-09-Radieschen02-273x300.jpg 273w, https:\/\/diesterwegschule-soemmerda.de\/wp-content\/uploads\/2022\/05\/2022-05-09-Radieschen02-932x1024.jpg 932w, https:\/\/diesterwegschule-soemmerda.de\/wp-content\/uploads\/2022\/05\/2022-05-09-Radieschen02-768x844.jpg 768w\" sizes=\"auto, (max-width: 1000px) 100vw, 1000px\" \/><\/figure>\n<\/figure>\n\n\n\n<p>Nicht nur die Kinder staunten \u00fcber die Entwicklung, die sich in den n\u00e4chsten zwei Monaten vollzog. Schon ein paar Tage sp\u00e4ter waren die ersten Wurzeln zu erkennen. Einige Keimbl\u00e4tter schoben sich auch schon dem Licht entgegen. Nun hie\u00df es warten und flei\u00dfig gie\u00dfen. Langsam erkannten die Beobachter, dass sich die Hauptwurzel rosa einf\u00e4rbte. Nach den Osterferien waren schon ordentliche Radieschen herangewachsen.<\/p>\n\n\n\n<figure class=\"wp-block-gallery has-nested-images columns-default is-cropped wp-block-gallery-2 is-layout-flex wp-block-gallery-is-layout-flex\">\n<figure class=\"wp-block-image size-large\"><img loading=\"lazy\" decoding=\"async\" width=\"1000\" height=\"643\" data-id=\"2994\" src=\"http:\/\/diesterwegschule-soemmerda.de\/wp-content\/uploads\/2022\/05\/2022-05-09-Radieschen03.jpg\" alt=\"\" class=\"wp-image-2994\" srcset=\"https:\/\/diesterwegschule-soemmerda.de\/wp-content\/uploads\/2022\/05\/2022-05-09-Radieschen03.jpg 1000w, https:\/\/diesterwegschule-soemmerda.de\/wp-content\/uploads\/2022\/05\/2022-05-09-Radieschen03-300x193.jpg 300w, https:\/\/diesterwegschule-soemmerda.de\/wp-content\/uploads\/2022\/05\/2022-05-09-Radieschen03-768x494.jpg 768w, https:\/\/diesterwegschule-soemmerda.de\/wp-content\/uploads\/2022\/05\/2022-05-09-Radieschen03-360x230.jpg 360w\" sizes=\"auto, (max-width: 1000px) 100vw, 1000px\" \/><\/figure>\n\n\n\n<figure class=\"wp-block-image size-large\"><img loading=\"lazy\" decoding=\"async\" width=\"1000\" height=\"1101\" data-id=\"2996\" src=\"http:\/\/diesterwegschule-soemmerda.de\/wp-content\/uploads\/2022\/05\/2022-05-09-Radieschen05.jpg\" alt=\"\" class=\"wp-image-2996\" srcset=\"https:\/\/diesterwegschule-soemmerda.de\/wp-content\/uploads\/2022\/05\/2022-05-09-Radieschen05.jpg 1000w, https:\/\/diesterwegschule-soemmerda.de\/wp-content\/uploads\/2022\/05\/2022-05-09-Radieschen05-272x300.jpg 272w, https:\/\/diesterwegschule-soemmerda.de\/wp-content\/uploads\/2022\/05\/2022-05-09-Radieschen05-930x1024.jpg 930w, https:\/\/diesterwegschule-soemmerda.de\/wp-content\/uploads\/2022\/05\/2022-05-09-Radieschen05-768x846.jpg 768w\" sizes=\"auto, (max-width: 1000px) 100vw, 1000px\" \/><\/figure>\n<\/figure>\n\n\n\n<p>Heute in der Fr\u00fchst\u00fcckspause war es nun endlich soweit &#8211; Erntezeit! Nachdem alle Radieschen appetitlich auf dem Teller bereitlagen, probierten die Kinder gern ihr eigenes Gem\u00fcse. Nach dem Unterricht kam Cedrik nach vorn und sagte: <em>&#8222;Wei\u00dft du, was ich meiner Mama heute sage? Dass sie Radieschen kaufen soll!&#8220;<\/em> <\/p>\n","protected":false},"excerpt":{"rendered":"<p>(09.05.2022) Der Zufall wollte es so, dass es heute genau zwei Monate her war, dass die Kinder der Klasse 2a<\/p>\n","protected":false},"author":1,"featured_media":2995,"comment_status":"closed","ping_status":"open","sticky":false,"template":"","format":"standard","meta":{"footnotes":""},"categories":[8],"tags":[],"class_list":["post-2991","post","type-post","status-publish","format-standard","has-post-thumbnail","hentry","category-schulleben"],"_links":{"self":[{"href":"https:\/\/diesterwegschule-soemmerda.de\/index.php?rest_route=\/wp\/v2\/posts\/2991","targetHints":{"allow":["GET"]}}],"collection":[{"href":"https:\/\/diesterwegschule-soemmerda.de\/index.php?rest_route=\/wp\/v2\/posts"}],"about":[{"href":"https:\/\/diesterwegschule-soemmerda.de\/index.php?rest_route=\/wp\/v2\/types\/post"}],"author":[{"embeddable":true,"href":"https:\/\/diesterwegschule-soemmerda.de\/index.php?rest_route=\/wp\/v2\/users\/1"}],"replies":[{"embeddable":true,"href":"https:\/\/diesterwegschule-soemmerda.de\/index.php?rest_route=%2Fwp%2Fv2%2Fcomments&post=2991"}],"version-history":[{"count":4,"href":"https:\/\/diesterwegschule-soemmerda.de\/index.php?rest_route=\/wp\/v2\/posts\/2991\/revisions"}],"predecessor-version":[{"id":3000,"href":"https:\/\/diesterwegschule-soemmerda.de\/index.php?rest_route=\/wp\/v2\/posts\/2991\/revisions\/3000"}],"wp:featuredmedia":[{"embeddable":true,"href":"https:\/\/diesterwegschule-soemmerda.de\/index.php?rest_route=\/wp\/v2\/media\/2995"}],"wp:attachment":[{"href":"https:\/\/diesterwegschule-soemmerda.de\/index.php?rest_route=%2Fwp%2Fv2%2Fmedia&parent=2991"}],"wp:term":[{"taxonomy":"category","embeddable":true,"href":"https:\/\/diesterwegschule-soemmerda.de\/index.php?rest_route=%2Fwp%2Fv2%2Fcategories&post=2991"},{"taxonomy":"post_tag","embeddable":true,"href":"https:\/\/diesterwegschule-soemmerda.de\/index.php?rest_route=%2Fwp%2Fv2%2Ftags&post=2991"}],"curies":[{"name":"wp","href":"https:\/\/api.w.org\/{rel}","templated":true}]}}