{"id":3079,"date":"2022-05-22T18:41:37","date_gmt":"2022-05-22T18:41:37","guid":{"rendered":"https:\/\/diesterwegschule-soemmerda.de\/?p=3079"},"modified":"2022-05-22T18:42:17","modified_gmt":"2022-05-22T18:42:17","slug":"premiere-versprochen-und-versagt","status":"publish","type":"post","link":"https:\/\/diesterwegschule-soemmerda.de\/?p=3079","title":{"rendered":"Premiere: VerSPROCHEN und VerSAGT"},"content":{"rendered":"\n<p>(22.05.2022) Wir reden, brabbeln, fl\u00fcstern, schreien, nuscheln, tuscheln, br\u00fcllen, sprechen jeden Tag. \u00dcber alles, jeden und manchmal nichts. Doch was w\u00e4re, wenn uns die Stimme genommen werden w\u00fcrde? W\u00fcrden wir uns zurecht finden? Und warum verschwindet die Sprache? Haben wir verSAGT?<\/p>\n\n\n\n<p>Seit diesem Schuljahr probt unsere Schultheatergruppe in neuer Konstellation einmal w\u00f6chentlich 1,5 Stunden unter der Leitung von Schulelternsprecherin Kristin Linsel und Jonathan Weise. <br>Am 17. Juni 2022 l\u00e4dt die Gruppe zu einem ersten gemeinsamen Auftritt in unsere Turnhalle ein. Wir freuen uns sehr, dass dies nun endlich wieder m\u00f6glich ist und freuen uns \u00fcber viele Zuschauer.<\/p>\n\n\n\n<p>Hier nochmal kurz und knapp alle wichtigen Informationen:<br><br><strong>Wann?<\/strong><br>Freitag, 17.6.2022<br><br><strong>Uhrzeit?<\/strong><br>1. Vorstellung 14:00 &#8211; 14:30 Uhr    (schulintern)<br>2. Vorstellung 15:15 &#8211; 15:45 Uhr    \u00d6ffentliche Vorstellung<\/p>\n\n\n\n<p><strong>Wo?<\/strong><br>Turnhalle Staatliche Grundschule &#8222;Adolph Diesterweg&#8220;<br><br><strong>Wann werden die T\u00fcren ge\u00f6ffnet?<\/strong><br>Einlass ca. 30 Minuten vor Beginn<\/p>\n\n\n\n<p>Der Eintritt ist frei.<\/p>\n","protected":false},"excerpt":{"rendered":"<p>(22.05.2022) Wir reden, brabbeln, fl\u00fcstern, schreien, nuscheln, tuscheln, br\u00fcllen, sprechen jeden Tag. \u00dcber alles, jeden und manchmal nichts. Doch was<\/p>\n","protected":false},"author":1,"featured_media":3082,"comment_status":"closed","ping_status":"open","sticky":false,"template":"","format":"standard","meta":{"footnotes":""},"categories":[2,6,8],"tags":[],"class_list":["post-3079","post","type-post","status-publish","format-standard","has-post-thumbnail","hentry","category-allgemein","category-kultur","category-schulleben"],"_links":{"self":[{"href":"https:\/\/diesterwegschule-soemmerda.de\/index.php?rest_route=\/wp\/v2\/posts\/3079","targetHints":{"allow":["GET"]}}],"collection":[{"href":"https:\/\/diesterwegschule-soemmerda.de\/index.php?rest_route=\/wp\/v2\/posts"}],"about":[{"href":"https:\/\/diesterwegschule-soemmerda.de\/index.php?rest_route=\/wp\/v2\/types\/post"}],"author":[{"embeddable":true,"href":"https:\/\/diesterwegschule-soemmerda.de\/index.php?rest_route=\/wp\/v2\/users\/1"}],"replies":[{"embeddable":true,"href":"https:\/\/diesterwegschule-soemmerda.de\/index.php?rest_route=%2Fwp%2Fv2%2Fcomments&post=3079"}],"version-history":[{"count":2,"href":"https:\/\/diesterwegschule-soemmerda.de\/index.php?rest_route=\/wp\/v2\/posts\/3079\/revisions"}],"predecessor-version":[{"id":3083,"href":"https:\/\/diesterwegschule-soemmerda.de\/index.php?rest_route=\/wp\/v2\/posts\/3079\/revisions\/3083"}],"wp:featuredmedia":[{"embeddable":true,"href":"https:\/\/diesterwegschule-soemmerda.de\/index.php?rest_route=\/wp\/v2\/media\/3082"}],"wp:attachment":[{"href":"https:\/\/diesterwegschule-soemmerda.de\/index.php?rest_route=%2Fwp%2Fv2%2Fmedia&parent=3079"}],"wp:term":[{"taxonomy":"category","embeddable":true,"href":"https:\/\/diesterwegschule-soemmerda.de\/index.php?rest_route=%2Fwp%2Fv2%2Fcategories&post=3079"},{"taxonomy":"post_tag","embeddable":true,"href":"https:\/\/diesterwegschule-soemmerda.de\/index.php?rest_route=%2Fwp%2Fv2%2Ftags&post=3079"}],"curies":[{"name":"wp","href":"https:\/\/api.w.org\/{rel}","templated":true}]}}