{"id":3109,"date":"2022-05-26T10:22:50","date_gmt":"2022-05-26T10:22:50","guid":{"rendered":"https:\/\/diesterwegschule-soemmerda.de\/?p=3109"},"modified":"2022-05-26T15:45:05","modified_gmt":"2022-05-26T15:45:05","slug":"in-die-freiheit-entlassen","status":"publish","type":"post","link":"https:\/\/diesterwegschule-soemmerda.de\/?p=3109","title":{"rendered":"In die Freiheit entlassen &#8230;"},"content":{"rendered":"\n<p>(26.05.2022) Am 12. Mai 2022 zogen die Marienk\u00e4ferlarven in den Klassenraum der 2a ein. Eine mit Futter und Papierschnipseln gef\u00fcllte Plastikschale mit Deckel (Vivarium) wurde zum vor\u00fcbergehenden Heim der Larven. Ab sofort  wurden diese nicht mehr aus den Augen gelassen. Perfekt passend zum Thema &#8222;Wiese&#8220; im Heimat- und Sachkundeunterricht entging den Kindern kein Entwicklungsfortschritt. Die Larven wuchsen sehr schnell heran und h\u00e4uteten sich mehrmals. Vor der letzten H\u00e4utung klammerten sie sich an den W\u00e4nden oder am Boden fest. Dort verharrten sie bewegungslos und verpuppten sich. Nach ungef\u00e4hr einer Woche hatte sich die erste Larve verpuppt. Auch wenn in diesem Stadium augenscheinlich nichts passiert, begann f\u00fcr die Larven eine Zeit von gro\u00dfen Ver\u00e4nderungen. Nach ungef\u00e4hrt 6-8 Tagen war die Entwicklung abgeschlossen und die ersten Marienk\u00e4fer schl\u00fcpften. Nach einigen Stunden waren die Deckfl\u00fcgel ausgeh\u00e4rtet und hatten die typische rot-gepunktete F\u00e4rbung angenommen. <\/p>\n\n\n\n<figure class=\"wp-block-gallery has-nested-images columns-default is-cropped wp-block-gallery-1 is-layout-flex wp-block-gallery-is-layout-flex\">\n<figure class=\"wp-block-image size-large\"><img loading=\"lazy\" decoding=\"async\" width=\"800\" height=\"600\" data-id=\"3093\" src=\"http:\/\/diesterwegschule-soemmerda.de\/wp-content\/uploads\/2022\/05\/2022-05-25-Marienkaefer4.jpg\" alt=\"\" class=\"wp-image-3093\" srcset=\"https:\/\/diesterwegschule-soemmerda.de\/wp-content\/uploads\/2022\/05\/2022-05-25-Marienkaefer4.jpg 800w, https:\/\/diesterwegschule-soemmerda.de\/wp-content\/uploads\/2022\/05\/2022-05-25-Marienkaefer4-300x225.jpg 300w, https:\/\/diesterwegschule-soemmerda.de\/wp-content\/uploads\/2022\/05\/2022-05-25-Marienkaefer4-768x576.jpg 768w\" sizes=\"auto, (max-width: 800px) 100vw, 800px\" \/><\/figure>\n\n\n\n<figure class=\"wp-block-image size-large\"><img loading=\"lazy\" decoding=\"async\" width=\"800\" height=\"591\" data-id=\"3090\" src=\"http:\/\/diesterwegschule-soemmerda.de\/wp-content\/uploads\/2022\/05\/2022-05-25-Marienkaefer5.jpg\" alt=\"\" class=\"wp-image-3090\" srcset=\"https:\/\/diesterwegschule-soemmerda.de\/wp-content\/uploads\/2022\/05\/2022-05-25-Marienkaefer5.jpg 800w, https:\/\/diesterwegschule-soemmerda.de\/wp-content\/uploads\/2022\/05\/2022-05-25-Marienkaefer5-300x222.jpg 300w, https:\/\/diesterwegschule-soemmerda.de\/wp-content\/uploads\/2022\/05\/2022-05-25-Marienkaefer5-768x567.jpg 768w\" sizes=\"auto, (max-width: 800px) 100vw, 800px\" \/><\/figure>\n<\/figure>\n\n\n\n<p>Am Mittwoch vor dem langen Himmelfahrtswochenende beschlossen die Kinder, dass es nun an der Zeit war, die K\u00e4fer in die Freiheit zu entlassen. Schnell war der passende Ort gefunden: Ein gesch\u00fctzter Strauch im Schulgarten sollte das neue Zuhause f\u00fcr die \u00fcberraschenderweise zahlreichen K\u00e4ferchen werden. Im Klassenraum hatten die Kinder nur 3 St\u00fcck entdeckt, doch beim \u00d6ffnen des Vivariums kamen zahlreiche Krabbeltierchen zum Vorschein. Nach anf\u00e4nglichem Z\u00f6gern krabbelten die K\u00e4fer in die Freiheit &#8230;<\/p>\n\n\n\n<figure class=\"wp-block-gallery has-nested-images columns-default is-cropped wp-block-gallery-2 is-layout-flex wp-block-gallery-is-layout-flex\">\n<figure class=\"wp-block-image size-large\"><img loading=\"lazy\" decoding=\"async\" width=\"800\" height=\"574\" data-id=\"3096\" src=\"http:\/\/diesterwegschule-soemmerda.de\/wp-content\/uploads\/2022\/05\/2022-05-25-Marienkaefer3.jpg\" alt=\"\" class=\"wp-image-3096\" srcset=\"https:\/\/diesterwegschule-soemmerda.de\/wp-content\/uploads\/2022\/05\/2022-05-25-Marienkaefer3.jpg 800w, https:\/\/diesterwegschule-soemmerda.de\/wp-content\/uploads\/2022\/05\/2022-05-25-Marienkaefer3-300x215.jpg 300w, https:\/\/diesterwegschule-soemmerda.de\/wp-content\/uploads\/2022\/05\/2022-05-25-Marienkaefer3-768x551.jpg 768w\" sizes=\"auto, (max-width: 800px) 100vw, 800px\" \/><\/figure>\n\n\n\n<figure class=\"wp-block-image size-large\"><img loading=\"lazy\" decoding=\"async\" width=\"800\" height=\"610\" data-id=\"3091\" src=\"http:\/\/diesterwegschule-soemmerda.de\/wp-content\/uploads\/2022\/05\/2022-05-25-Marienkaefer1.jpg\" alt=\"\" class=\"wp-image-3091\" srcset=\"https:\/\/diesterwegschule-soemmerda.de\/wp-content\/uploads\/2022\/05\/2022-05-25-Marienkaefer1.jpg 800w, https:\/\/diesterwegschule-soemmerda.de\/wp-content\/uploads\/2022\/05\/2022-05-25-Marienkaefer1-300x229.jpg 300w, https:\/\/diesterwegschule-soemmerda.de\/wp-content\/uploads\/2022\/05\/2022-05-25-Marienkaefer1-768x586.jpg 768w\" sizes=\"auto, (max-width: 800px) 100vw, 800px\" \/><\/figure>\n<\/figure>\n","protected":false},"excerpt":{"rendered":"<p>(26.05.2022) Am 12. Mai 2022 zogen die Marienk\u00e4ferlarven in den Klassenraum der 2a ein. Eine mit Futter und Papierschnipseln gef\u00fcllte<\/p>\n","protected":false},"author":1,"featured_media":3092,"comment_status":"closed","ping_status":"open","sticky":false,"template":"","format":"standard","meta":{"footnotes":""},"categories":[8],"tags":[],"class_list":["post-3109","post","type-post","status-publish","format-standard","has-post-thumbnail","hentry","category-schulleben"],"_links":{"self":[{"href":"https:\/\/diesterwegschule-soemmerda.de\/index.php?rest_route=\/wp\/v2\/posts\/3109","targetHints":{"allow":["GET"]}}],"collection":[{"href":"https:\/\/diesterwegschule-soemmerda.de\/index.php?rest_route=\/wp\/v2\/posts"}],"about":[{"href":"https:\/\/diesterwegschule-soemmerda.de\/index.php?rest_route=\/wp\/v2\/types\/post"}],"author":[{"embeddable":true,"href":"https:\/\/diesterwegschule-soemmerda.de\/index.php?rest_route=\/wp\/v2\/users\/1"}],"replies":[{"embeddable":true,"href":"https:\/\/diesterwegschule-soemmerda.de\/index.php?rest_route=%2Fwp%2Fv2%2Fcomments&post=3109"}],"version-history":[{"count":2,"href":"https:\/\/diesterwegschule-soemmerda.de\/index.php?rest_route=\/wp\/v2\/posts\/3109\/revisions"}],"predecessor-version":[{"id":3115,"href":"https:\/\/diesterwegschule-soemmerda.de\/index.php?rest_route=\/wp\/v2\/posts\/3109\/revisions\/3115"}],"wp:featuredmedia":[{"embeddable":true,"href":"https:\/\/diesterwegschule-soemmerda.de\/index.php?rest_route=\/wp\/v2\/media\/3092"}],"wp:attachment":[{"href":"https:\/\/diesterwegschule-soemmerda.de\/index.php?rest_route=%2Fwp%2Fv2%2Fmedia&parent=3109"}],"wp:term":[{"taxonomy":"category","embeddable":true,"href":"https:\/\/diesterwegschule-soemmerda.de\/index.php?rest_route=%2Fwp%2Fv2%2Fcategories&post=3109"},{"taxonomy":"post_tag","embeddable":true,"href":"https:\/\/diesterwegschule-soemmerda.de\/index.php?rest_route=%2Fwp%2Fv2%2Ftags&post=3109"}],"curies":[{"name":"wp","href":"https:\/\/api.w.org\/{rel}","templated":true}]}}