{"id":3167,"date":"2022-06-14T18:53:53","date_gmt":"2022-06-14T18:53:53","guid":{"rendered":"https:\/\/diesterwegschule-soemmerda.de\/?p=3167"},"modified":"2022-06-14T18:55:24","modified_gmt":"2022-06-14T18:55:24","slug":"noch-dreimal-schlafen","status":"publish","type":"post","link":"https:\/\/diesterwegschule-soemmerda.de\/?p=3167","title":{"rendered":"Noch dreimal schlafen &#8230;"},"content":{"rendered":"\n<p>(14.06.2022) &#8230; dann ist es endlich soweit. Seit Monaten proben unsere Theaterkinder an ihrem ersten eigenen St\u00fcck. Heute gegen 13:30 Uhr fand die Generalprobe auf der B\u00fchne in der Turnhalle statt. Wie aufgescheuchte H\u00fchner liefen die Kinder in ihren Kost\u00fcmen herum und warteten auf ihren Einsatz. Nun bleibt nur zu hoffen, dass zu den zwei Vorstellungen am Freitag reichlich Publikum erscheint. <\/p>\n\n\n\n<p>Hier noch einmal alle Informationen:<\/p>\n\n\n\n<p><strong>Was?<\/strong><br>Premiere: VerSPROCHEN und VerSAGT<\/p>\n\n\n\n<p><strong>Inhalt?<\/strong><br>Wir reden, brabbeln, fl\u00fcstern, schreien, nuscheln, tuscheln, br\u00fcllen, sprechen jeden Tag. \u00dcber alles, jeden und manchmal nichts. Doch was w\u00e4re, wenn uns die Stimme genommen werden w\u00fcrde? W\u00fcrden wir uns zurecht finden? Und warum verschwindet die Sprache? Haben wir verSAGT?<\/p>\n\n\n\n<p><strong>Wann?<\/strong><br>Freitag, 17.6.2022<br><br><strong>Uhrzeit?<\/strong><br>1. Vorstellung 14:00 \u2013 14:30 Uhr (schulintern)<br>2. Vorstellung 15:15 \u2013 15:45 Uhr \u00d6ffentliche Vorstellung<\/p>\n\n\n\n<p><strong>Wo?<\/strong><br>Turnhalle Staatliche Grundschule \u201eAdolph Diesterweg\u201c<br><br><strong>Wann werden die T\u00fcren ge\u00f6ffnet?<\/strong><br>Einlass ca. 30 Minuten vor Beginn<\/p>\n\n\n\n<p>Der Eintritt ist frei.<\/p>\n\n\n\n<figure class=\"wp-block-image size-full\"><img loading=\"lazy\" decoding=\"async\" width=\"1000\" height=\"731\" src=\"http:\/\/diesterwegschule-soemmerda.de\/wp-content\/uploads\/2022\/06\/2022-06-14-Theater01.jpg\" alt=\"\" class=\"wp-image-3169\" srcset=\"https:\/\/diesterwegschule-soemmerda.de\/wp-content\/uploads\/2022\/06\/2022-06-14-Theater01.jpg 1000w, https:\/\/diesterwegschule-soemmerda.de\/wp-content\/uploads\/2022\/06\/2022-06-14-Theater01-300x219.jpg 300w, https:\/\/diesterwegschule-soemmerda.de\/wp-content\/uploads\/2022\/06\/2022-06-14-Theater01-768x561.jpg 768w\" sizes=\"auto, (max-width: 1000px) 100vw, 1000px\" \/><\/figure>\n","protected":false},"excerpt":{"rendered":"<p>(14.06.2022) &#8230; dann ist es endlich soweit. Seit Monaten proben unsere Theaterkinder an ihrem ersten eigenen St\u00fcck. Heute gegen 13:30<\/p>\n","protected":false},"author":1,"featured_media":3170,"comment_status":"closed","ping_status":"open","sticky":false,"template":"","format":"standard","meta":{"footnotes":""},"categories":[8],"tags":[],"class_list":["post-3167","post","type-post","status-publish","format-standard","has-post-thumbnail","hentry","category-schulleben"],"_links":{"self":[{"href":"https:\/\/diesterwegschule-soemmerda.de\/index.php?rest_route=\/wp\/v2\/posts\/3167","targetHints":{"allow":["GET"]}}],"collection":[{"href":"https:\/\/diesterwegschule-soemmerda.de\/index.php?rest_route=\/wp\/v2\/posts"}],"about":[{"href":"https:\/\/diesterwegschule-soemmerda.de\/index.php?rest_route=\/wp\/v2\/types\/post"}],"author":[{"embeddable":true,"href":"https:\/\/diesterwegschule-soemmerda.de\/index.php?rest_route=\/wp\/v2\/users\/1"}],"replies":[{"embeddable":true,"href":"https:\/\/diesterwegschule-soemmerda.de\/index.php?rest_route=%2Fwp%2Fv2%2Fcomments&post=3167"}],"version-history":[{"count":4,"href":"https:\/\/diesterwegschule-soemmerda.de\/index.php?rest_route=\/wp\/v2\/posts\/3167\/revisions"}],"predecessor-version":[{"id":3173,"href":"https:\/\/diesterwegschule-soemmerda.de\/index.php?rest_route=\/wp\/v2\/posts\/3167\/revisions\/3173"}],"wp:featuredmedia":[{"embeddable":true,"href":"https:\/\/diesterwegschule-soemmerda.de\/index.php?rest_route=\/wp\/v2\/media\/3170"}],"wp:attachment":[{"href":"https:\/\/diesterwegschule-soemmerda.de\/index.php?rest_route=%2Fwp%2Fv2%2Fmedia&parent=3167"}],"wp:term":[{"taxonomy":"category","embeddable":true,"href":"https:\/\/diesterwegschule-soemmerda.de\/index.php?rest_route=%2Fwp%2Fv2%2Fcategories&post=3167"},{"taxonomy":"post_tag","embeddable":true,"href":"https:\/\/diesterwegschule-soemmerda.de\/index.php?rest_route=%2Fwp%2Fv2%2Ftags&post=3167"}],"curies":[{"name":"wp","href":"https:\/\/api.w.org\/{rel}","templated":true}]}}