{"id":3212,"date":"2022-07-03T16:19:00","date_gmt":"2022-07-03T16:19:00","guid":{"rendered":"https:\/\/diesterwegschule-soemmerda.de\/?p=3212"},"modified":"2022-07-03T16:32:08","modified_gmt":"2022-07-03T16:32:08","slug":"sommerferienplan-2","status":"publish","type":"post","link":"https:\/\/diesterwegschule-soemmerda.de\/?p=3212","title":{"rendered":"Sommerferienplan"},"content":{"rendered":"\n<p>(01.07.2022) Noch knapp zwei Wochen Schule liegen vor uns, dann starten die Sommerferien. Wir hoffen, dass der Wettergott uns weiter wohl gesonnen bleibt und uns mit bestem Sommerwetter verw\u00f6hnt. Die ersten drei Ferienwoche hat unser Ferienhort ge\u00f6ffnet, danach \u00f6ffnet der Hort der Lindenschule seine Tore.<\/p>\n\n\n\n<p><strong><u>Ferienwoche vom 18.07. \u2013 22.07.2022<\/u><\/strong><br><strong><mark style=\"background-color:rgba(0, 0, 0, 0)\" class=\"has-inline-color has-accent-color\">Montag, 18.07.2022<br><\/mark>Sportspiele<\/strong> auf der Skaterbahn (B\u00e4lle, Federball, Frisbee, Wikingerschach, \u2026)<br><br><strong><mark style=\"background-color:rgba(0, 0, 0, 0)\" class=\"has-inline-color has-accent-color\">Dienstag, 19.07.2022<br><\/mark>Spaziergang<\/strong> in den Stadtpark mit anschlie\u00dfendem Eis essen (Bitte Geld mitbringen.)<br><strong>Experimente<\/strong> mit Farbe (Spritzbilder, Fadenbilder, Rubbelbilder, Salzbilder, Malen mit Eis, \u2026)<br><br><strong><mark style=\"background-color:rgba(0, 0, 0, 0)\" class=\"has-inline-color has-accent-color\">Mittwoch, 20.07.2022<br><\/mark>Wasserfest<\/strong><br>Wir basteln Wasserbomben aus Schwammt\u00fcchern und&nbsp; Gummis und spielen Staffelspiele. Die Kinder d\u00fcrfen Wasserpistolen mitbringen. Bitte Wechselsachen nicht vergessen!<\/p>\n\n\n\n<p><strong>Obstsalat<\/strong><br>Wir picknicken auf dem Schulgel\u00e4nde und essen Obstsalat. (Jedes Kind bringt bitte etwas Obst mit.)<\/p>\n\n\n\n<p><strong><mark style=\"background-color:rgba(0, 0, 0, 0)\" class=\"has-inline-color has-accent-color\">Donnerstag, 21.07.2022<br><\/mark>Ganztageswanderung <\/strong>nach Schallenburg auf den Spielplatz.<br>(Mittagessen selbst abbestellen und gen\u00fcgend Essen &amp; Trinken mitgeben.)<\/p>\n\n\n\n<p><strong><mark style=\"background-color:rgba(0, 0, 0, 0)\" class=\"has-inline-color has-accent-color\">Freitag, 22.07.2022<br><\/mark>T-Shirt-Gestaltung<\/strong><br>Zum Abschluss der Woche gestalten wir T-Shirts mit Bleichmitteln. Jedes Kind bringt ein <strong>farbiges <\/strong>T-Shirt mit.<\/p>\n\n\n\n<p><strong>Entspannungsangebot<\/strong><br>mit Yoga, Geschichten und Mandalas malen.<\/p>\n\n\n\n<p><strong><u>Ferienwoche vom 25.07. &#8211; 29.07.2022<\/u><\/strong><br><strong><mark style=\"background-color:rgba(0, 0, 0, 0)\" class=\"has-inline-color has-accent-color\">Montag, 25.07.2022<\/mark><\/strong><br><strong>Basteln <\/strong>von sommerlichem Zubeh\u00f6r<\/p>\n\n\n\n<p>20 Kinder der 1. und 2. Klasse basteln und spielen im SFZ Windspiele aus CDs. (Bitte 0,50 \u20ac mitbringen.)<br><br><strong><mark style=\"background-color:rgba(0, 0, 0, 0)\" class=\"has-inline-color has-accent-color\">Dienstag, 26.07.2022<\/mark><\/strong><br>Wir wandern zum Spielen und Klettern in den <strong>Stadtpark<\/strong> und gehen anschlie\u00dfend Eis essen. (Bringt bitte Geld f\u00fcr Eis mit.)<\/p>\n\n\n\n<p><strong><mark style=\"background-color:rgba(0, 0, 0, 0)\" class=\"has-inline-color has-accent-color\">Mittwoch, 27.07.2022<\/mark><\/strong><br><strong>Alte Spiele<\/strong> neu entdecken.<br>Hier k\u00f6nnt ihr euch an verschiedenen Stationen ausprobieren, z. B. \u201eHimmel und H\u00f6lle h\u00fcpfen\u201c, \u201emit Springst\u00e4ben springen\u201c, \u201eH\u00fcpfgummi\u201c und \u201eBallprellen\u201c<br><br>10.00 Uhr <strong>Zaubershow<\/strong> in der Turnhalle (1,00 \u20ac mitbringen.)<br><br><strong><mark style=\"background-color:rgba(0, 0, 0, 0)\" class=\"has-inline-color has-accent-color\">Donnerstag, 28.07.2022<\/mark><\/strong><br>Heute findet unser<strong> Indianerfest <\/strong>statt. Lasst euch \u00fcberraschen!<br><br><strong><mark style=\"background-color:rgba(0, 0, 0, 0)\" class=\"has-inline-color has-accent-color\">Freitag, 29.07.2022<\/mark><\/strong><br><strong>Wir backen<\/strong> uns leckere Snacks aus Bl\u00e4tterteig und verputzen sie am Nachmittag.<\/p>\n\n\n\n<p><strong><u>Ferienwoche vom 01.08. \u2013 05.08.2022<\/u><\/strong><br><strong><mark style=\"background-color:rgba(0, 0, 0, 0)\" class=\"has-inline-color has-accent-color\">Montag, 01.08.2022<br><\/mark>Bibo Bienchen<\/strong> \u2013 in der Stadtbibliothek<\/p>\n\n\n\n<p>1. Gruppe&nbsp;&nbsp;&nbsp;&nbsp;&nbsp;&nbsp;&nbsp; 09.00 \u2013 10.00 Uhr<br>2. Gruppe&nbsp;&nbsp;&nbsp;&nbsp;&nbsp;&nbsp;&nbsp; 10.00 \u2013 11.00 Uhr<br><br>Wir gehen auf den Spielplatz im Stadtpark und Eis essen. (Geld f\u00fcr Eis mitbringen.)<\/p>\n\n\n\n<p><strong><mark style=\"background-color:rgba(0, 0, 0, 0)\" class=\"has-inline-color has-accent-color\">Dienstag, 02.08.2022<\/mark><br><\/strong>Besuch des <strong>Freibades<\/strong><\/p>\n\n\n\n<p>1. Gruppe&nbsp;&nbsp;&nbsp;&nbsp;&nbsp;&nbsp;&nbsp; 09.00 \u2013 12.00 Uhr<br>2. Gruppe&nbsp;&nbsp;&nbsp;&nbsp;&nbsp;&nbsp;&nbsp; 12.00 \u2013 15.00 Uhr (ca. 15.30 Uhr Schule)<\/p>\n\n\n\n<p>Bitte bring Eintritt (2,50 \u20ac), Taschengeld, Badesachen und Essen &amp; Trinken mit.<\/p>\n\n\n\n<p><strong><mark style=\"background-color:rgba(0, 0, 0, 0)\" class=\"has-inline-color has-accent-color\">Mittwoch, 03.08.2022<\/mark><\/strong><br><strong>Milchparty<\/strong><br>Bring bitte 1,00 \u20ac f\u00fcr Obst\/Gem\u00fcse und andere Zutaten mit.<\/p>\n\n\n\n<p><strong><mark style=\"background-color:rgba(0, 0, 0, 0)\" class=\"has-inline-color has-accent-color\">Donnerstag, 04.08.2022<\/mark><\/strong><br>Wir gehen <strong>kegeln<\/strong>, vormittags in 2 Gruppen.&nbsp;(Kosten 1,00 \u20ac)<\/p>\n\n\n\n<p><strong><mark style=\"background-color:rgba(0, 0, 0, 0)\" class=\"has-inline-color has-accent-color\">Freitag, 05.08.2022<\/mark><\/strong><br>Wanderung zur Tongrube und zum Spielplatz Rohrborn.<br>Zum Mittagessen sind wir wieder in der Schule.<\/p>\n\n\n\n<p><strong>Hinweise:<\/strong><br>Bring bitte kein elektronisches Spielzeug mit.<br>Sei bitte immer bis sp\u00e4testens 08.30 Uhr da.<\/p>\n\n\n\n<p><strong>Damit wir, bei gutem Wetter, spontan entscheiden k\u00f6nnen, d\u00fcrfen Badesachen und Eintrittsgeld am Anfang der Ferien in einem mit Namen beschrifteten Rucksack mitgebracht werden. Die Sachen werden separat und verschlossen aufbewahrt.<\/strong><\/p>\n\n\n\n<p><em>Kinder, die den Hort der Lindenschule besuchen, m\u00fcssen beim Essensanbieter \u201eFinke\u201c angemeldet werden!<\/em><br>Telefon: (<em>036 201) 62 501<\/em><br>Mail: <em>partyservicefinke@t-online.de<\/em><\/p>\n","protected":false},"excerpt":{"rendered":"<p>(01.07.2022) Noch knapp zwei Wochen Schule liegen vor uns, dann starten die Sommerferien. Wir hoffen, dass der Wettergott uns weiter<\/p>\n","protected":false},"author":1,"featured_media":3234,"comment_status":"closed","ping_status":"open","sticky":false,"template":"","format":"standard","meta":{"footnotes":""},"categories":[5],"tags":[],"class_list":["post-3212","post","type-post","status-publish","format-standard","has-post-thumbnail","hentry","category-hort"],"_links":{"self":[{"href":"https:\/\/diesterwegschule-soemmerda.de\/index.php?rest_route=\/wp\/v2\/posts\/3212","targetHints":{"allow":["GET"]}}],"collection":[{"href":"https:\/\/diesterwegschule-soemmerda.de\/index.php?rest_route=\/wp\/v2\/posts"}],"about":[{"href":"https:\/\/diesterwegschule-soemmerda.de\/index.php?rest_route=\/wp\/v2\/types\/post"}],"author":[{"embeddable":true,"href":"https:\/\/diesterwegschule-soemmerda.de\/index.php?rest_route=\/wp\/v2\/users\/1"}],"replies":[{"embeddable":true,"href":"https:\/\/diesterwegschule-soemmerda.de\/index.php?rest_route=%2Fwp%2Fv2%2Fcomments&post=3212"}],"version-history":[{"count":12,"href":"https:\/\/diesterwegschule-soemmerda.de\/index.php?rest_route=\/wp\/v2\/posts\/3212\/revisions"}],"predecessor-version":[{"id":3255,"href":"https:\/\/diesterwegschule-soemmerda.de\/index.php?rest_route=\/wp\/v2\/posts\/3212\/revisions\/3255"}],"wp:featuredmedia":[{"embeddable":true,"href":"https:\/\/diesterwegschule-soemmerda.de\/index.php?rest_route=\/wp\/v2\/media\/3234"}],"wp:attachment":[{"href":"https:\/\/diesterwegschule-soemmerda.de\/index.php?rest_route=%2Fwp%2Fv2%2Fmedia&parent=3212"}],"wp:term":[{"taxonomy":"category","embeddable":true,"href":"https:\/\/diesterwegschule-soemmerda.de\/index.php?rest_route=%2Fwp%2Fv2%2Fcategories&post=3212"},{"taxonomy":"post_tag","embeddable":true,"href":"https:\/\/diesterwegschule-soemmerda.de\/index.php?rest_route=%2Fwp%2Fv2%2Ftags&post=3212"}],"curies":[{"name":"wp","href":"https:\/\/api.w.org\/{rel}","templated":true}]}}