{"id":3278,"date":"2022-07-07T16:37:44","date_gmt":"2022-07-07T16:37:44","guid":{"rendered":"https:\/\/diesterwegschule-soemmerda.de\/?p=3278"},"modified":"2022-07-07T18:07:27","modified_gmt":"2022-07-07T18:07:27","slug":"radfahrausbildung-der-vierten-klassen","status":"publish","type":"post","link":"https:\/\/diesterwegschule-soemmerda.de\/?p=3278","title":{"rendered":"Radfahrausbildung der vierten Klassen"},"content":{"rendered":"\n<p>(07.07.2022) Zur praktischen Radfahrausbildung der 4. Klassen schreiben die Sch\u00fcler der Klasse 4b ihr Erlebtes in Form eines kleinen Artikels.<\/p>\n\n\n\n<p>Am Dienstag, den 28.06.22, ist die Klasse 4b ins Verkehrszentrum gegangen. Wir waren von 7.45 \u2013 11.00 Uhr da. Unsere Ausbilderin hie\u00df Frau R\u00e4tsch und ist Polizistin in S\u00f6mmerda. Das Radfahren dort war mega cool. Wir durften sogar nach den Ampeln fahren. Au\u00dferdem mussten wir den Schulterblick und das Handzeichen \u00fcben. Frau R\u00e4tsch war immer nett zu uns und auch die ausgeliehenen Fahrr\u00e4der waren echt cool. Ich habe viel \u00fcber das sichere Radfahren gelernt! (Malina)<\/p>\n\n\n\n<p>Am 28. Juni 2022 haben wir das erste St\u00fcck unserer Fahrradausbildung begonnen. Als erstes die Frau R\u00e4tsch uns alles erkl\u00e4rt, was wichtig f\u00fcr das Fahren auf der \u00dcbungsstrecke ist. Danach bekamen wir unsere R\u00e4der und starteten zu unserer ersten \u00dcbungsrunde. Wir haben dabei gelernt, wie man sicher an einem Hindernis vorbei f\u00e4hrt. Sp\u00e4ter hat Frau R\u00e4tsch auch noch die Ampeln angestellt und wir mussten dies dann zus\u00e4tzlich beachten. Besonders sch\u00f6n war, dass Charly, der Hund vom \u00dcbungsplatz, den Fu\u00dfg\u00e4nger spielte und immer kreuz und quer \u00fcber die Stra\u00dfen lief! (Leonie)<\/p>\n\n\n\n<p>Am 28.06.2022 sind wir um 7:45 Uhr ins Verkehrs\u00fcbungszentrum gegangen. Dort haben wir unsere Sachen abgestellt und sind dann zur Garage mit den Fahrr\u00e4dern gef\u00fchrt worden. Nachdem jeder ein Fahrrad bekommen hatte, mussten wir uns in einer langen Reihe aufstellen und Frau R\u00e4tsch \u00fcberpr\u00fcfte die H\u00f6he von jedem Fahrradsattel. Mit dem Fahrradhelm auf dem Kopf ging es dann zur ersten Proberunde. Matti durfte als Erster fahren und uns alle wichtigen Stellen auf der Strecke demonstrieren. W\u00e4hrend der \u00dcbungsrunden bekamen viele ein Lob, manchen aber auch Tipps zur Verbesserung. Lustig war, dass uns Charly, der Hund vom \u00dcbungsplatz, immer besucht und angefeuert hat. (Lina)<\/p>\n\n\n\n<p>Wie in jedem Jahr, so machten auch am 28.06.2022 die vierten Klassen der Diesterweg Grundschule eine Radfahrausbildung mit anschlie\u00dfender Pr\u00fcfung. Wir haben zun\u00e4chst das Vorbeifahren an Hindernissen auf der Stra\u00dfe ge\u00fcbt. Am Anfang war das sehr schwer f\u00fcr uns, weil man viele Dinge beachten musste. Dann wurde es leichter und machte sogar richtig Spa\u00df! Nun freuen wir uns auf den n\u00e4chsten \u00dcbungstag und die Pr\u00fcfung!<br>(Lusi)<\/p>\n\n\n\n<figure class=\"wp-block-image size-full\"><img loading=\"lazy\" decoding=\"async\" width=\"700\" height=\"525\" src=\"http:\/\/diesterwegschule-soemmerda.de\/wp-content\/uploads\/2022\/07\/2022-07-07-Radfahren02.jpg\" alt=\"\" class=\"wp-image-3280\" srcset=\"https:\/\/diesterwegschule-soemmerda.de\/wp-content\/uploads\/2022\/07\/2022-07-07-Radfahren02.jpg 700w, https:\/\/diesterwegschule-soemmerda.de\/wp-content\/uploads\/2022\/07\/2022-07-07-Radfahren02-300x225.jpg 300w\" sizes=\"auto, (max-width: 700px) 100vw, 700px\" \/><\/figure>\n","protected":false},"excerpt":{"rendered":"<p>(07.07.2022) Zur praktischen Radfahrausbildung der 4. Klassen schreiben die Sch\u00fcler der Klasse 4b ihr Erlebtes in Form eines kleinen Artikels.<\/p>\n","protected":false},"author":1,"featured_media":3279,"comment_status":"closed","ping_status":"open","sticky":false,"template":"","format":"standard","meta":{"footnotes":""},"categories":[8],"tags":[],"class_list":["post-3278","post","type-post","status-publish","format-standard","has-post-thumbnail","hentry","category-schulleben"],"_links":{"self":[{"href":"https:\/\/diesterwegschule-soemmerda.de\/index.php?rest_route=\/wp\/v2\/posts\/3278","targetHints":{"allow":["GET"]}}],"collection":[{"href":"https:\/\/diesterwegschule-soemmerda.de\/index.php?rest_route=\/wp\/v2\/posts"}],"about":[{"href":"https:\/\/diesterwegschule-soemmerda.de\/index.php?rest_route=\/wp\/v2\/types\/post"}],"author":[{"embeddable":true,"href":"https:\/\/diesterwegschule-soemmerda.de\/index.php?rest_route=\/wp\/v2\/users\/1"}],"replies":[{"embeddable":true,"href":"https:\/\/diesterwegschule-soemmerda.de\/index.php?rest_route=%2Fwp%2Fv2%2Fcomments&post=3278"}],"version-history":[{"count":2,"href":"https:\/\/diesterwegschule-soemmerda.de\/index.php?rest_route=\/wp\/v2\/posts\/3278\/revisions"}],"predecessor-version":[{"id":3282,"href":"https:\/\/diesterwegschule-soemmerda.de\/index.php?rest_route=\/wp\/v2\/posts\/3278\/revisions\/3282"}],"wp:featuredmedia":[{"embeddable":true,"href":"https:\/\/diesterwegschule-soemmerda.de\/index.php?rest_route=\/wp\/v2\/media\/3279"}],"wp:attachment":[{"href":"https:\/\/diesterwegschule-soemmerda.de\/index.php?rest_route=%2Fwp%2Fv2%2Fmedia&parent=3278"}],"wp:term":[{"taxonomy":"category","embeddable":true,"href":"https:\/\/diesterwegschule-soemmerda.de\/index.php?rest_route=%2Fwp%2Fv2%2Fcategories&post=3278"},{"taxonomy":"post_tag","embeddable":true,"href":"https:\/\/diesterwegschule-soemmerda.de\/index.php?rest_route=%2Fwp%2Fv2%2Ftags&post=3278"}],"curies":[{"name":"wp","href":"https:\/\/api.w.org\/{rel}","templated":true}]}}