{"id":3401,"date":"2022-07-17T18:23:40","date_gmt":"2022-07-17T18:23:40","guid":{"rendered":"https:\/\/diesterwegschule-soemmerda.de\/?p=3401"},"modified":"2022-07-17T18:23:40","modified_gmt":"2022-07-17T18:23:40","slug":"zeltplatz-diesterweg","status":"publish","type":"post","link":"https:\/\/diesterwegschule-soemmerda.de\/?p=3401","title":{"rendered":"Zeltplatz Diesterweg"},"content":{"rendered":"\n<p>(13.07.2022) Am sp\u00e4ten Freitagnachmittag kehrt normalerweise Ruhe auf dem Schulhof der Diesterwegschule ein, doch am 8. Juli 2022 gegen 17:30 Uhr h\u00f6rte man noch Kinderstimmen auf der Wiese neben dem Schulhof. Die Kinder der 2a waren dabei, mit Unterst\u00fctzung der Eltern ihre Zelte aufzubauen und gem\u00fctliche Nachtlager herzurichten. Aufregung lag in der Luft, denn die Kinder wollten gemeinsam mit ihrer Lehrerin Anne H\u00f6lzer und ihrer Erzieherin Franziska Rosa-Bauer eine Nacht in der Schule verbringen. Als alles an Ort und Stelle war und die Eltern verabschiedet waren, wurden drei Gruppen eingeteilt. Die Kochgruppe verschwand in der Hortk\u00fcche, um ein leckeres Abendessen zuzubereiten. Die &#8222;Tischlein-deck-dich&#8220;-Gruppe bereitete den Speiseraum im Gr\u00fcnen vor und die dritte Gruppe verwandelte die Aula in B\u00fchne und Zuschauerraum f\u00fcr den bevorstehenden Auftritt am Samstagmorgen.<\/p>\n\n\n\n<figure class=\"wp-block-gallery has-nested-images columns-default is-cropped wp-block-gallery-1 is-layout-flex wp-block-gallery-is-layout-flex\">\n<figure class=\"wp-block-image size-large\"><img loading=\"lazy\" decoding=\"async\" width=\"1000\" height=\"750\" data-id=\"3311\" src=\"http:\/\/diesterwegschule-soemmerda.de\/wp-content\/uploads\/2022\/07\/2022-07-08-Zelten04.jpg\" alt=\"\" class=\"wp-image-3311\" srcset=\"https:\/\/diesterwegschule-soemmerda.de\/wp-content\/uploads\/2022\/07\/2022-07-08-Zelten04.jpg 1000w, https:\/\/diesterwegschule-soemmerda.de\/wp-content\/uploads\/2022\/07\/2022-07-08-Zelten04-300x225.jpg 300w, https:\/\/diesterwegschule-soemmerda.de\/wp-content\/uploads\/2022\/07\/2022-07-08-Zelten04-768x576.jpg 768w, https:\/\/diesterwegschule-soemmerda.de\/wp-content\/uploads\/2022\/07\/2022-07-08-Zelten04-880x660.jpg 880w\" sizes=\"auto, (max-width: 1000px) 100vw, 1000px\" \/><\/figure>\n\n\n\n<figure class=\"wp-block-image size-large\"><img loading=\"lazy\" decoding=\"async\" width=\"1000\" height=\"750\" data-id=\"3308\" src=\"http:\/\/diesterwegschule-soemmerda.de\/wp-content\/uploads\/2022\/07\/2022-07-08-Zelten01.jpg\" alt=\"\" class=\"wp-image-3308\" srcset=\"https:\/\/diesterwegschule-soemmerda.de\/wp-content\/uploads\/2022\/07\/2022-07-08-Zelten01.jpg 1000w, https:\/\/diesterwegschule-soemmerda.de\/wp-content\/uploads\/2022\/07\/2022-07-08-Zelten01-300x225.jpg 300w, https:\/\/diesterwegschule-soemmerda.de\/wp-content\/uploads\/2022\/07\/2022-07-08-Zelten01-768x576.jpg 768w, https:\/\/diesterwegschule-soemmerda.de\/wp-content\/uploads\/2022\/07\/2022-07-08-Zelten01-880x660.jpg 880w\" sizes=\"auto, (max-width: 1000px) 100vw, 1000px\" \/><\/figure>\n<\/figure>\n\n\n\n<p>Das Abendessen an der frischen Luft schmeckte allen gut und gab den Kindern die n\u00f6tige Energie, die Zeit bis zum Z\u00e4hneputzen putzmunter zu verbringen. Die Kinder spielten Fu\u00dfball, tanzten auf der Wiese und lie\u00dfen sich ein Eis schmecken. Als es dann d\u00e4mmerte und alle Kinder langsam in die Schlafs\u00e4cke krochen, dauerte es noch eine Weile bis alle einschliefen. Am n\u00e4chsten Morgen waren alle Eltern und Geschwister eingeladen, um gemeinsam im Speiseraum zu brunchen. Gegen 10:15 Uhr pr\u00e4sentierten die Kinder ihren G\u00e4sten ein kleines Programm aus Liedern und Bewegungsspielen, um danach gl\u00fccklich, aber todm\u00fcde nach Hause zu fahren.<\/p>\n\n\n\n<figure class=\"wp-block-gallery has-nested-images columns-default is-cropped wp-block-gallery-2 is-layout-flex wp-block-gallery-is-layout-flex\">\n<figure class=\"wp-block-image size-large\"><img loading=\"lazy\" decoding=\"async\" width=\"1000\" height=\"669\" data-id=\"3310\" src=\"http:\/\/diesterwegschule-soemmerda.de\/wp-content\/uploads\/2022\/07\/2022-07-08-Zelten03.jpg\" alt=\"\" class=\"wp-image-3310\" srcset=\"https:\/\/diesterwegschule-soemmerda.de\/wp-content\/uploads\/2022\/07\/2022-07-08-Zelten03.jpg 1000w, https:\/\/diesterwegschule-soemmerda.de\/wp-content\/uploads\/2022\/07\/2022-07-08-Zelten03-300x201.jpg 300w, https:\/\/diesterwegschule-soemmerda.de\/wp-content\/uploads\/2022\/07\/2022-07-08-Zelten03-768x514.jpg 768w, https:\/\/diesterwegschule-soemmerda.de\/wp-content\/uploads\/2022\/07\/2022-07-08-Zelten03-120x80.jpg 120w\" sizes=\"auto, (max-width: 1000px) 100vw, 1000px\" \/><\/figure>\n<\/figure>\n\n\n\n<p>Wir bedanken uns bei allen Eltern, die das Samstagsfr\u00fchst\u00fcck so liebevoll vorbereitet haben.<\/p>\n","protected":false},"excerpt":{"rendered":"<p>(13.07.2022) Am sp\u00e4ten Freitagnachmittag kehrt normalerweise Ruhe auf dem Schulhof der Diesterwegschule ein, doch am 8. Juli 2022 gegen 17:30<\/p>\n","protected":false},"author":1,"featured_media":3309,"comment_status":"closed","ping_status":"open","sticky":false,"template":"","format":"standard","meta":{"footnotes":""},"categories":[8],"tags":[],"class_list":["post-3401","post","type-post","status-publish","format-standard","has-post-thumbnail","hentry","category-schulleben"],"_links":{"self":[{"href":"https:\/\/diesterwegschule-soemmerda.de\/index.php?rest_route=\/wp\/v2\/posts\/3401","targetHints":{"allow":["GET"]}}],"collection":[{"href":"https:\/\/diesterwegschule-soemmerda.de\/index.php?rest_route=\/wp\/v2\/posts"}],"about":[{"href":"https:\/\/diesterwegschule-soemmerda.de\/index.php?rest_route=\/wp\/v2\/types\/post"}],"author":[{"embeddable":true,"href":"https:\/\/diesterwegschule-soemmerda.de\/index.php?rest_route=\/wp\/v2\/users\/1"}],"replies":[{"embeddable":true,"href":"https:\/\/diesterwegschule-soemmerda.de\/index.php?rest_route=%2Fwp%2Fv2%2Fcomments&post=3401"}],"version-history":[{"count":2,"href":"https:\/\/diesterwegschule-soemmerda.de\/index.php?rest_route=\/wp\/v2\/posts\/3401\/revisions"}],"predecessor-version":[{"id":3409,"href":"https:\/\/diesterwegschule-soemmerda.de\/index.php?rest_route=\/wp\/v2\/posts\/3401\/revisions\/3409"}],"wp:featuredmedia":[{"embeddable":true,"href":"https:\/\/diesterwegschule-soemmerda.de\/index.php?rest_route=\/wp\/v2\/media\/3309"}],"wp:attachment":[{"href":"https:\/\/diesterwegschule-soemmerda.de\/index.php?rest_route=%2Fwp%2Fv2%2Fmedia&parent=3401"}],"wp:term":[{"taxonomy":"category","embeddable":true,"href":"https:\/\/diesterwegschule-soemmerda.de\/index.php?rest_route=%2Fwp%2Fv2%2Fcategories&post=3401"},{"taxonomy":"post_tag","embeddable":true,"href":"https:\/\/diesterwegschule-soemmerda.de\/index.php?rest_route=%2Fwp%2Fv2%2Ftags&post=3401"}],"curies":[{"name":"wp","href":"https:\/\/api.w.org\/{rel}","templated":true}]}}