{"id":3873,"date":"2023-01-29T16:10:22","date_gmt":"2023-01-29T16:10:22","guid":{"rendered":"https:\/\/diesterwegschule-soemmerda.de\/?p=3873"},"modified":"2023-01-29T16:10:22","modified_gmt":"2023-01-29T16:10:22","slug":"kochen-im-schulgartenunterricht","status":"publish","type":"post","link":"https:\/\/diesterwegschule-soemmerda.de\/?p=3873","title":{"rendered":"Kochen im Schulgartenunterricht"},"content":{"rendered":"\n<p>(27.01.2023) <em>\u201eDas ist doch gar nicht der richtige Weg zum Schulgartenraum!\u201c<\/em> Diesen Satz h\u00f6rte ich in \u00e4hnlicher Weise gleich zweimal von den Erstkl\u00e4sslern in den vergangenen Schulgartenstunden. Statt wie gewohnt ins Erdgeschoss zu gehen, dirigierte ich die Kleinen geradewegs in die Hortk\u00fcche. <em>\u201eWollen wir kochen?\u201c<\/em>, war daraufhin die zweite verwunderte Frage. Und noch seltsamer wurde es, als sie die Zutaten zum Kochen auf dem Tisch entdeckten. <\/p>\n\n\n\n<figure class=\"wp-block-image size-full\"><img loading=\"lazy\" decoding=\"async\" width=\"1000\" height=\"741\" src=\"http:\/\/diesterwegschule-soemmerda.de\/wp-content\/uploads\/2023\/01\/2023-01-29-Vogelfutter02.jpg\" alt=\"\" class=\"wp-image-3875\" srcset=\"https:\/\/diesterwegschule-soemmerda.de\/wp-content\/uploads\/2023\/01\/2023-01-29-Vogelfutter02.jpg 1000w, https:\/\/diesterwegschule-soemmerda.de\/wp-content\/uploads\/2023\/01\/2023-01-29-Vogelfutter02-300x222.jpg 300w, https:\/\/diesterwegschule-soemmerda.de\/wp-content\/uploads\/2023\/01\/2023-01-29-Vogelfutter02-768x569.jpg 768w\" sizes=\"auto, (max-width: 1000px) 100vw, 1000px\" \/><\/figure>\n\n\n\n<p><em>\u201eDa liegt ja Vogelfutter und ein Blumentopf\u201c<\/em>, erkannte Joanne auf den ersten Blick. Und Nick wunderte sich, warum wir einen Draht, einen langen Nagel und einen Hammer zum Kochen brauchen. Das einzig normale an dieser Art zu kochen, erschien den Sch\u00fclern der gro\u00dfe Topf, der auf dem Herd wartete. \u00dcberraschend stellten sie jedoch fest, dass dort nur eine wei\u00dfe, matschige Masse drin war, die sie nicht kannten.<\/p>\n\n\n\n<figure class=\"wp-block-image size-full\"><img loading=\"lazy\" decoding=\"async\" width=\"1000\" height=\"719\" src=\"http:\/\/diesterwegschule-soemmerda.de\/wp-content\/uploads\/2023\/01\/2023-01-29-Vogelfutter03.jpg\" alt=\"\" class=\"wp-image-3876\" srcset=\"https:\/\/diesterwegschule-soemmerda.de\/wp-content\/uploads\/2023\/01\/2023-01-29-Vogelfutter03.jpg 1000w, https:\/\/diesterwegschule-soemmerda.de\/wp-content\/uploads\/2023\/01\/2023-01-29-Vogelfutter03-300x216.jpg 300w, https:\/\/diesterwegschule-soemmerda.de\/wp-content\/uploads\/2023\/01\/2023-01-29-Vogelfutter03-768x552.jpg 768w\" sizes=\"auto, (max-width: 1000px) 100vw, 1000px\" \/><\/figure>\n\n\n\n<p>Trotzdem waren alle sehr motiviert und nach kurzer Zeit wurde klar, dass es um die Herstellung von Vogelfutter f\u00fcr unsere heimischen V\u00f6gel im Schulgarten gehen sollte. In zwei Gruppen wurden nun \u00c4pfel mit Sonnenblumenkernen gespickt und Blument\u00f6pfe mit einem Brei aus Kokosfett und Vogelfutter gef\u00fcllt. <em>\u201eUnd wie kommt der Apfel wieder an den Baum?\u201c<\/em>, wollte Carl wissen. Im gleichen Moment blickte er auf Hammer, Nagel und Draht und ihm wurde einiges klarer.<em> \u201eDer Draht muss durch den Apfel und dann k\u00f6nnen wir ihn wieder in den Baum h\u00e4ngen!\u201c<\/em>, rief er aufgeregt. Und genau so machten wir es dann auch. <\/p>\n\n\n\n<figure class=\"wp-block-image size-full\"><img loading=\"lazy\" decoding=\"async\" width=\"969\" height=\"694\" src=\"http:\/\/diesterwegschule-soemmerda.de\/wp-content\/uploads\/2023\/01\/2023-01-29-Vogelfutter04.jpg\" alt=\"\" class=\"wp-image-3877\" srcset=\"https:\/\/diesterwegschule-soemmerda.de\/wp-content\/uploads\/2023\/01\/2023-01-29-Vogelfutter04.jpg 969w, https:\/\/diesterwegschule-soemmerda.de\/wp-content\/uploads\/2023\/01\/2023-01-29-Vogelfutter04-300x215.jpg 300w, https:\/\/diesterwegschule-soemmerda.de\/wp-content\/uploads\/2023\/01\/2023-01-29-Vogelfutter04-768x550.jpg 768w\" sizes=\"auto, (max-width: 969px) 100vw, 969px\" \/><\/figure>\n\n\n\n<p>Ein kleiner Tross Erstkl\u00e4ssler zog jeweils nach getaner Arbeit in den Schulgarten und w\u00e4hlte einige gesch\u00fctzte Stellen aus, an denen die V\u00f6gel in Zukunft in Ruhe fressen und ihren Winterschmaus genie\u00dfen k\u00f6nnen. Die Kinder vermuteten dann noch, welche V\u00f6gel lieber am gespickten Apfel oder an der Futterglocke fressen w\u00fcrden. Aus dem Heimat- und Sachkundeunterricht kennen unsere Erstkl\u00e4ssler n\u00e4mlich schon den Unterschied zwischen K\u00f6rnerfressern und Weichfutterfressern in der Vogelwelt. <em>\u201eWir haben an alle V\u00f6gel gedacht\u201c<\/em>, stellte Paula am Ende zufrieden fest und alle stimmten ihr zu.<\/p>\n\n\n\n<p>Ein Bericht von Christina Stockmann<\/p>\n","protected":false},"excerpt":{"rendered":"<p>(27.01.2023) \u201eDas ist doch gar nicht der richtige Weg zum Schulgartenraum!\u201c Diesen Satz h\u00f6rte ich in \u00e4hnlicher Weise gleich zweimal<\/p>\n","protected":false},"author":1,"featured_media":3874,"comment_status":"closed","ping_status":"open","sticky":false,"template":"","format":"standard","meta":{"footnotes":""},"categories":[8],"tags":[],"class_list":["post-3873","post","type-post","status-publish","format-standard","has-post-thumbnail","hentry","category-schulleben"],"_links":{"self":[{"href":"https:\/\/diesterwegschule-soemmerda.de\/index.php?rest_route=\/wp\/v2\/posts\/3873","targetHints":{"allow":["GET"]}}],"collection":[{"href":"https:\/\/diesterwegschule-soemmerda.de\/index.php?rest_route=\/wp\/v2\/posts"}],"about":[{"href":"https:\/\/diesterwegschule-soemmerda.de\/index.php?rest_route=\/wp\/v2\/types\/post"}],"author":[{"embeddable":true,"href":"https:\/\/diesterwegschule-soemmerda.de\/index.php?rest_route=\/wp\/v2\/users\/1"}],"replies":[{"embeddable":true,"href":"https:\/\/diesterwegschule-soemmerda.de\/index.php?rest_route=%2Fwp%2Fv2%2Fcomments&post=3873"}],"version-history":[{"count":1,"href":"https:\/\/diesterwegschule-soemmerda.de\/index.php?rest_route=\/wp\/v2\/posts\/3873\/revisions"}],"predecessor-version":[{"id":3878,"href":"https:\/\/diesterwegschule-soemmerda.de\/index.php?rest_route=\/wp\/v2\/posts\/3873\/revisions\/3878"}],"wp:featuredmedia":[{"embeddable":true,"href":"https:\/\/diesterwegschule-soemmerda.de\/index.php?rest_route=\/wp\/v2\/media\/3874"}],"wp:attachment":[{"href":"https:\/\/diesterwegschule-soemmerda.de\/index.php?rest_route=%2Fwp%2Fv2%2Fmedia&parent=3873"}],"wp:term":[{"taxonomy":"category","embeddable":true,"href":"https:\/\/diesterwegschule-soemmerda.de\/index.php?rest_route=%2Fwp%2Fv2%2Fcategories&post=3873"},{"taxonomy":"post_tag","embeddable":true,"href":"https:\/\/diesterwegschule-soemmerda.de\/index.php?rest_route=%2Fwp%2Fv2%2Ftags&post=3873"}],"curies":[{"name":"wp","href":"https:\/\/api.w.org\/{rel}","templated":true}]}}