{"id":4061,"date":"2023-04-23T18:43:03","date_gmt":"2023-04-23T18:43:03","guid":{"rendered":"https:\/\/diesterwegschule-soemmerda.de\/?p=4061"},"modified":"2023-04-23T18:43:03","modified_gmt":"2023-04-23T18:43:03","slug":"60-schueler-beim-citylauf-dabei","status":"publish","type":"post","link":"https:\/\/diesterwegschule-soemmerda.de\/?p=4061","title":{"rendered":"60 Sch\u00fcler beim Citylauf dabei"},"content":{"rendered":"\n<p>(22.04.2023) Bei bestem Laufwetter fand nach drei Jahren coronabedingter Laufpause endlich wieder ein S\u00f6mmerdaer Citylauf statt. Die Diesterwegschule war als einzige Schule mit einer Mannschaft am Start. Und die konnte sich sehen lassen. Der Gro\u00dfteil startete im Namen der Schule, ungef\u00e4hr 10 Kinder waren f\u00fcr ihre Sportvereine unterwegs. Und das sogar ziemlich erfolgreich: So gingen beim Bambinolauf gleich drei vordere Platzierungen an unsere Sch\u00fclerinnen: Elisabeth Rottleb (2. Platz), Rosa Gutbier (4. Platz), Levke Adam (6. Platz).<\/p>\n\n\n\n<p>Das schnellste M\u00e4dchen im 1km-Kinderlauf war Charlotte Linsel, die nur 3:36,2 min f\u00fcr die 1000 Meter ben\u00f6tigte. Damit gewann sie als Gesamtsiegerin einen get\u00f6pferten Laufvogel. Drei Sekunden nach ihr kam Elisa M\u00fcnch ins Ziel als zweite L\u00e4uferin ins Ziel. Auf Platz 5 und 6 folgten Tessa Schwittay und Meike Felske. Auf der gleichen Strecke bei den Jungen konnte sich Maximilian Linsel auf dem Treppchen platzieren. Er wurde mit einer Zeit von 3:46,1 min Dritter seiner Altersklasse. Ebenfalls unter den ersten zehn L\u00e4ufern platzierten sich Tuna G\u00fcldali (7.) und Miland Krausse (9.).<\/p>\n\n\n\n<p>Die 10- und 11-j\u00e4hrigen Sch\u00fcler mussten die doppelte Strecke absolvieren. Auch hier standen zwei Diesterwegsch\u00fclerinnen ganz oben auf dem Treppchen. Luisa Stier gewann die Konkurrenz der Altersklasse U12 in 8:59,5 min. Auf dem zweiten Platz kam Fanni Anouk K\u00fcnsting ins Ziel. <\/p>\n\n\n\n<p>Wir freuen uns mit allen L\u00e4ufern \u00fcber ihren engagierten Lauf und gratulieren zu den Ergebnissen!<\/p>\n","protected":false},"excerpt":{"rendered":"<p>(22.04.2023) Bei bestem Laufwetter fand nach drei Jahren coronabedingter Laufpause endlich wieder ein S\u00f6mmerdaer Citylauf statt. Die Diesterwegschule war als<\/p>\n","protected":false},"author":1,"featured_media":4034,"comment_status":"closed","ping_status":"open","sticky":false,"template":"","format":"standard","meta":{"footnotes":""},"categories":[8,4],"tags":[],"class_list":["post-4061","post","type-post","status-publish","format-standard","has-post-thumbnail","hentry","category-schulleben","category-sport"],"_links":{"self":[{"href":"https:\/\/diesterwegschule-soemmerda.de\/index.php?rest_route=\/wp\/v2\/posts\/4061","targetHints":{"allow":["GET"]}}],"collection":[{"href":"https:\/\/diesterwegschule-soemmerda.de\/index.php?rest_route=\/wp\/v2\/posts"}],"about":[{"href":"https:\/\/diesterwegschule-soemmerda.de\/index.php?rest_route=\/wp\/v2\/types\/post"}],"author":[{"embeddable":true,"href":"https:\/\/diesterwegschule-soemmerda.de\/index.php?rest_route=\/wp\/v2\/users\/1"}],"replies":[{"embeddable":true,"href":"https:\/\/diesterwegschule-soemmerda.de\/index.php?rest_route=%2Fwp%2Fv2%2Fcomments&post=4061"}],"version-history":[{"count":2,"href":"https:\/\/diesterwegschule-soemmerda.de\/index.php?rest_route=\/wp\/v2\/posts\/4061\/revisions"}],"predecessor-version":[{"id":4064,"href":"https:\/\/diesterwegschule-soemmerda.de\/index.php?rest_route=\/wp\/v2\/posts\/4061\/revisions\/4064"}],"wp:featuredmedia":[{"embeddable":true,"href":"https:\/\/diesterwegschule-soemmerda.de\/index.php?rest_route=\/wp\/v2\/media\/4034"}],"wp:attachment":[{"href":"https:\/\/diesterwegschule-soemmerda.de\/index.php?rest_route=%2Fwp%2Fv2%2Fmedia&parent=4061"}],"wp:term":[{"taxonomy":"category","embeddable":true,"href":"https:\/\/diesterwegschule-soemmerda.de\/index.php?rest_route=%2Fwp%2Fv2%2Fcategories&post=4061"},{"taxonomy":"post_tag","embeddable":true,"href":"https:\/\/diesterwegschule-soemmerda.de\/index.php?rest_route=%2Fwp%2Fv2%2Ftags&post=4061"}],"curies":[{"name":"wp","href":"https:\/\/api.w.org\/{rel}","templated":true}]}}