{"id":4226,"date":"2023-06-21T15:09:20","date_gmt":"2023-06-21T15:09:20","guid":{"rendered":"https:\/\/diesterwegschule-soemmerda.de\/?p=4226"},"modified":"2023-06-28T15:17:12","modified_gmt":"2023-06-28T15:17:12","slug":"valentina-ist-die-beste-vorleserin","status":"publish","type":"post","link":"https:\/\/diesterwegschule-soemmerda.de\/?p=4226","title":{"rendered":"Valentina ist die beste Vorleserin"},"content":{"rendered":"\n<p>(21.06.2023) Eine geh\u00f6rige Portion Aufregung war dabei als unsere Schulsozialarbeiterin Kathrin Liebold mit Valentina und Neele am 8. Juni 2023 in Richtung Sparkassentreff 1a unterwegs war. Die beiden M\u00e4dchen hatten die schulinternen Lesewettbewerbe der Klasse 3 und 4 gewonnen und waren damit f\u00fcr den Vorlesewettbewerb des Landkreises nominiert. Dieser wurde durch Frau Gro\u00dfe vom Schulamt Mittelth\u00fcringen er\u00f6ffnet. Sechzehn Schulen des Landkreises S\u00f6mmerda waren vertreten. Angekommen im Sparkassentreff in der Bahnhofstra\u00dfe durfte jeder Teilnehmer ein Los ziehen, um seinen Startplatz zu erfahren. Anschlie\u00dfend stellte die Kinder entsprechend der ausgelosten Reihenfolge ihre Lieblingsb\u00fccher vor und lasen dem Publikum noch ein St\u00fcck vor. Valentina hatte sich f\u00fcr das Buch &#8222;Tagebuch einer Killerkatze&#8220; entschieden und Neele las aus &#8222;Lottaleben &#8211; Wer den Wal hat&#8220; vor.<\/p>\n\n\n\n<figure class=\"wp-block-image size-large\"><img loading=\"lazy\" decoding=\"async\" width=\"745\" height=\"1024\" src=\"http:\/\/diesterwegschule-soemmerda.de\/wp-content\/uploads\/2023\/06\/2023-06-28-Lesewettbewerb03-745x1024.jpg\" alt=\"\" class=\"wp-image-4229\" srcset=\"https:\/\/diesterwegschule-soemmerda.de\/wp-content\/uploads\/2023\/06\/2023-06-28-Lesewettbewerb03-745x1024.jpg 745w, https:\/\/diesterwegschule-soemmerda.de\/wp-content\/uploads\/2023\/06\/2023-06-28-Lesewettbewerb03-218x300.jpg 218w, https:\/\/diesterwegschule-soemmerda.de\/wp-content\/uploads\/2023\/06\/2023-06-28-Lesewettbewerb03-768x1055.jpg 768w, https:\/\/diesterwegschule-soemmerda.de\/wp-content\/uploads\/2023\/06\/2023-06-28-Lesewettbewerb03.jpg 1000w\" sizes=\"auto, (max-width: 745px) 100vw, 745px\" \/><\/figure>\n\n\n\n<p>Nach der Buchvorstellung hatten die Sch\u00fcler ein paar Minuten Zeit, sich auf einen unbekannten Text vorzubereiten. Nacheinander vorgelesen, ergaben diese Texte im Ganzen eine Geschichte.<\/p>\n\n\n\n<p>Als die Jury ihre Entscheidung bekannt gab, war die Aufregung gro\u00df und schlug schnell in gro\u00dfe Freude um, als Valentina als Siegerin der dritten Klassen verk\u00fcndet wurde. Neben einer Urkunde bekam sie noch ein Buch \u2013 f\u00fcr neuen Lesestoff ist also gesorgt. <\/p>\n\n\n\n<p><strong>Wir freuen uns mit Valentina und Neele \u00fcber die erfolgreiche Teilnahme und w\u00fcnschen den Beiden weiterhin viel Spa\u00df beim Eintauchen in die B\u00fccherwelt.<\/strong><\/p>\n\n\n\n<figure class=\"wp-block-gallery has-nested-images columns-default is-cropped wp-block-gallery-1 is-layout-flex wp-block-gallery-is-layout-flex\">\n<figure class=\"wp-block-image size-large\"><img loading=\"lazy\" decoding=\"async\" width=\"1000\" height=\"972\" data-id=\"4228\" src=\"https:\/\/diesterwegschule-soemmerda.de\/wp-content\/uploads\/2023\/06\/2023-06-28-Lesewettbewerb02.jpg\" alt=\"\" class=\"wp-image-4228\" srcset=\"https:\/\/diesterwegschule-soemmerda.de\/wp-content\/uploads\/2023\/06\/2023-06-28-Lesewettbewerb02.jpg 1000w, https:\/\/diesterwegschule-soemmerda.de\/wp-content\/uploads\/2023\/06\/2023-06-28-Lesewettbewerb02-300x292.jpg 300w, https:\/\/diesterwegschule-soemmerda.de\/wp-content\/uploads\/2023\/06\/2023-06-28-Lesewettbewerb02-768x746.jpg 768w\" sizes=\"auto, (max-width: 1000px) 100vw, 1000px\" \/><\/figure>\n\n\n\n<figure class=\"wp-block-image size-large\"><img loading=\"lazy\" decoding=\"async\" width=\"1000\" height=\"834\" data-id=\"4230\" src=\"https:\/\/diesterwegschule-soemmerda.de\/wp-content\/uploads\/2023\/06\/2023-06-28-Lesewettbewerb04.jpg\" alt=\"\" class=\"wp-image-4230\" srcset=\"https:\/\/diesterwegschule-soemmerda.de\/wp-content\/uploads\/2023\/06\/2023-06-28-Lesewettbewerb04.jpg 1000w, https:\/\/diesterwegschule-soemmerda.de\/wp-content\/uploads\/2023\/06\/2023-06-28-Lesewettbewerb04-300x250.jpg 300w, https:\/\/diesterwegschule-soemmerda.de\/wp-content\/uploads\/2023\/06\/2023-06-28-Lesewettbewerb04-768x641.jpg 768w\" sizes=\"auto, (max-width: 1000px) 100vw, 1000px\" \/><\/figure>\n<\/figure>\n","protected":false},"excerpt":{"rendered":"<p>(21.06.2023) Eine geh\u00f6rige Portion Aufregung war dabei als unsere Schulsozialarbeiterin Kathrin Liebold mit Valentina und Neele am 8. Juni 2023<\/p>\n","protected":false},"author":1,"featured_media":4227,"comment_status":"closed","ping_status":"open","sticky":false,"template":"","format":"standard","meta":{"footnotes":""},"categories":[6,8,11],"tags":[],"class_list":["post-4226","post","type-post","status-publish","format-standard","has-post-thumbnail","hentry","category-kultur","category-schulleben","category-schulsozialarbeit"],"_links":{"self":[{"href":"https:\/\/diesterwegschule-soemmerda.de\/index.php?rest_route=\/wp\/v2\/posts\/4226","targetHints":{"allow":["GET"]}}],"collection":[{"href":"https:\/\/diesterwegschule-soemmerda.de\/index.php?rest_route=\/wp\/v2\/posts"}],"about":[{"href":"https:\/\/diesterwegschule-soemmerda.de\/index.php?rest_route=\/wp\/v2\/types\/post"}],"author":[{"embeddable":true,"href":"https:\/\/diesterwegschule-soemmerda.de\/index.php?rest_route=\/wp\/v2\/users\/1"}],"replies":[{"embeddable":true,"href":"https:\/\/diesterwegschule-soemmerda.de\/index.php?rest_route=%2Fwp%2Fv2%2Fcomments&post=4226"}],"version-history":[{"count":5,"href":"https:\/\/diesterwegschule-soemmerda.de\/index.php?rest_route=\/wp\/v2\/posts\/4226\/revisions"}],"predecessor-version":[{"id":4236,"href":"https:\/\/diesterwegschule-soemmerda.de\/index.php?rest_route=\/wp\/v2\/posts\/4226\/revisions\/4236"}],"wp:featuredmedia":[{"embeddable":true,"href":"https:\/\/diesterwegschule-soemmerda.de\/index.php?rest_route=\/wp\/v2\/media\/4227"}],"wp:attachment":[{"href":"https:\/\/diesterwegschule-soemmerda.de\/index.php?rest_route=%2Fwp%2Fv2%2Fmedia&parent=4226"}],"wp:term":[{"taxonomy":"category","embeddable":true,"href":"https:\/\/diesterwegschule-soemmerda.de\/index.php?rest_route=%2Fwp%2Fv2%2Fcategories&post=4226"},{"taxonomy":"post_tag","embeddable":true,"href":"https:\/\/diesterwegschule-soemmerda.de\/index.php?rest_route=%2Fwp%2Fv2%2Ftags&post=4226"}],"curies":[{"name":"wp","href":"https:\/\/api.w.org\/{rel}","templated":true}]}}