{"id":4653,"date":"2025-02-07T14:51:00","date_gmt":"2025-02-07T14:51:00","guid":{"rendered":"https:\/\/diesterwegschule-soemmerda.de\/?p=4653"},"modified":"2025-02-08T11:27:09","modified_gmt":"2025-02-08T11:27:09","slug":"tag-der-offenen-schultuer-2","status":"publish","type":"post","link":"https:\/\/diesterwegschule-soemmerda.de\/?p=4653","title":{"rendered":"Tag der offenen Schult\u00fcr"},"content":{"rendered":"\n<p>(07.02.2025) Am 5. und 6. Mai 2025 findet bereits die Schulanmeldung f\u00fcr die Schulanf\u00e4nger des Schuljahres 2026\/27 statt. Auch die ABC-Sch\u00fctzen f\u00fcr das kommende Schuljahr 2025\/26 stehen bereits in den Startl\u00f6chern und werden in einem halben Jahr in unsere Schulgemeinschaft aufgenommen.<\/p>\n\n\n\n<p><strong>Am Samstag, 15. M\u00e4rz 2025 von 10:00 bis 12:00 Uhr m\u00f6chten wir f\u00fcr alle unsere zuk\u00fcnftigen Sch\u00fcler und deren Eltern unsere Schult\u00fcren \u00f6ffnen<\/strong>.<\/p>\n\n\n\n<figure class=\"wp-block-image size-large\"><img loading=\"lazy\" decoding=\"async\" width=\"1024\" height=\"730\" src=\"http:\/\/diesterwegschule-soemmerda.de\/wp-content\/uploads\/2025\/02\/FLYER_TagderoffenenTuer2025_2-1024x730.jpg\" alt=\"\" class=\"wp-image-5745\" srcset=\"https:\/\/diesterwegschule-soemmerda.de\/wp-content\/uploads\/2025\/02\/FLYER_TagderoffenenTuer2025_2-1024x730.jpg 1024w, https:\/\/diesterwegschule-soemmerda.de\/wp-content\/uploads\/2025\/02\/FLYER_TagderoffenenTuer2025_2-300x214.jpg 300w, https:\/\/diesterwegschule-soemmerda.de\/wp-content\/uploads\/2025\/02\/FLYER_TagderoffenenTuer2025_2-768x548.jpg 768w, https:\/\/diesterwegschule-soemmerda.de\/wp-content\/uploads\/2025\/02\/FLYER_TagderoffenenTuer2025_2-1536x1096.jpg 1536w, https:\/\/diesterwegschule-soemmerda.de\/wp-content\/uploads\/2025\/02\/FLYER_TagderoffenenTuer2025_2.jpg 1772w\" sizes=\"auto, (max-width: 1024px) 100vw, 1024px\" \/><\/figure>\n\n\n\n<p>An diesem Vormittag haben Sie die M\u00f6glichkeit unser Schulgeb\u00e4ude, die Turnhalle, unser weitl\u00e4ufiges Gel\u00e4nde und nat\u00fcrlich unser Kollegium kennenzulernen. Au\u00dferdem m\u00f6chten wir Ihnen den Anfangsunterricht an unserer Schule vorstellen sowie einen Einblick in die F\u00e4cher geben, die in der Grundschule unterrichtet werden. Nat\u00fcrlich haben Sie auch Gelegenheit Ihre Fragen rund um Schulanmeldung, Einschulung, Vorschuluntersuchung loszuwerden.<\/p>\n\n\n\n<p>Bis zum 15. M\u00e4rz k\u00f6nnen Sie sich gern schon einmal virtuell bei uns umschauen:<\/p>\n\n\n\n<figure class=\"wp-block-video\"><video height=\"720\" style=\"aspect-ratio: 1280 \/ 720;\" width=\"1280\" controls src=\"http:\/\/diesterwegschule-soemmerda.de\/wp-content\/uploads\/2021\/04\/Das-ist-unsere-Schule_mittel-1.mp4\"><\/video><\/figure>\n\n\n\n<figure class=\"wp-block-video\"><video height=\"720\" style=\"aspect-ratio: 1280 \/ 720;\" width=\"1280\" controls src=\"http:\/\/diesterwegschule-soemmerda.de\/wp-content\/uploads\/2021\/04\/So-lernen-wir_mittel-1.mp4\"><\/video><\/figure>\n\n\n\n<figure class=\"wp-block-video\"><video height=\"1080\" style=\"aspect-ratio: 1920 \/ 1080;\" width=\"1920\" controls src=\"http:\/\/diesterwegschule-soemmerda.de\/wp-content\/uploads\/2021\/04\/An-meiner-Schule-mag-ich.mp4\"><\/video><\/figure>\n","protected":false},"excerpt":{"rendered":"<p>(07.02.2025) Am 5. und 6. Mai 2025 findet bereits die Schulanmeldung f\u00fcr die Schulanf\u00e4nger des Schuljahres 2026\/27 statt. Auch die<\/p>\n","protected":false},"author":1,"featured_media":5744,"comment_status":"closed","ping_status":"open","sticky":false,"template":"","format":"standard","meta":{"footnotes":""},"categories":[2],"tags":[],"class_list":["post-4653","post","type-post","status-publish","format-standard","has-post-thumbnail","hentry","category-allgemein"],"_links":{"self":[{"href":"https:\/\/diesterwegschule-soemmerda.de\/index.php?rest_route=\/wp\/v2\/posts\/4653","targetHints":{"allow":["GET"]}}],"collection":[{"href":"https:\/\/diesterwegschule-soemmerda.de\/index.php?rest_route=\/wp\/v2\/posts"}],"about":[{"href":"https:\/\/diesterwegschule-soemmerda.de\/index.php?rest_route=\/wp\/v2\/types\/post"}],"author":[{"embeddable":true,"href":"https:\/\/diesterwegschule-soemmerda.de\/index.php?rest_route=\/wp\/v2\/users\/1"}],"replies":[{"embeddable":true,"href":"https:\/\/diesterwegschule-soemmerda.de\/index.php?rest_route=%2Fwp%2Fv2%2Fcomments&post=4653"}],"version-history":[{"count":5,"href":"https:\/\/diesterwegschule-soemmerda.de\/index.php?rest_route=\/wp\/v2\/posts\/4653\/revisions"}],"predecessor-version":[{"id":5748,"href":"https:\/\/diesterwegschule-soemmerda.de\/index.php?rest_route=\/wp\/v2\/posts\/4653\/revisions\/5748"}],"wp:featuredmedia":[{"embeddable":true,"href":"https:\/\/diesterwegschule-soemmerda.de\/index.php?rest_route=\/wp\/v2\/media\/5744"}],"wp:attachment":[{"href":"https:\/\/diesterwegschule-soemmerda.de\/index.php?rest_route=%2Fwp%2Fv2%2Fmedia&parent=4653"}],"wp:term":[{"taxonomy":"category","embeddable":true,"href":"https:\/\/diesterwegschule-soemmerda.de\/index.php?rest_route=%2Fwp%2Fv2%2Fcategories&post=4653"},{"taxonomy":"post_tag","embeddable":true,"href":"https:\/\/diesterwegschule-soemmerda.de\/index.php?rest_route=%2Fwp%2Fv2%2Ftags&post=4653"}],"curies":[{"name":"wp","href":"https:\/\/api.w.org\/{rel}","templated":true}]}}