{"id":566,"date":"2019-06-14T18:01:15","date_gmt":"2019-06-14T18:01:15","guid":{"rendered":"http:\/\/diesterwegschule-soemmerda.de\/?p=566"},"modified":"2019-06-15T19:29:59","modified_gmt":"2019-06-15T19:29:59","slug":"die-besten-leser-der-klasse-1","status":"publish","type":"post","link":"https:\/\/diesterwegschule-soemmerda.de\/?p=566","title":{"rendered":"Die besten Leser der Klasse 1"},"content":{"rendered":"\n<p>(14.06.2019) <em>&#8222;Eigentlich sind wir alle Gewinner, denn wir sind die besten Leserinnen der ersten Klasse!&#8220;<\/em> sagen Emilia und Klara selbstbewusst nach dem Lesewettbewerb der ersten Klassen. Und damit haben die beiden Siebenj\u00e4hrigen Recht, denn sie haben die klasseninternen Vorlesewettbewerbe gewonnen und d\u00fcrfen nun vor gro\u00dfem Publikum und einer Jury ihr Lieblingsbuch vorstellen. <\/p>\n\n\n\n<p>Als ich Lusi, Frieda, Klara und Emilia auf dem Hof treffe, strahlen sie wie Honigkuchenpferde. Stolz halten sie ihre Urkunden in die Kamera. Klara berichtet: <em>&#8222;Ich war \u00fcberhaupt nicht aufgeregt.&#8220;<\/em> Dem kann Lusi aus der Parallelklasse \u00fcberhaupt nicht zustimmen. Ein bisschen Lampenfieber war dabei als sie ihr Buch von der Eisk\u00f6nigin vorstellte. Frieda hatte sich f\u00fcr die Geschichte &#8222;Das Schokoladenversteck&#8220; entschieden. Den gleichen B\u00fcchergeschmack bewiesen Klara und Emilia. Beide hatten eine Geschichte von der kleinen Spinne Widerlich ausgesucht. <\/p>\n\n\n\n<p>Der Lesewettbewerb bestand aus zwei Teilen: Im ersten stellten die Kinder ihr Lieblingsbuch vor und lasen damit einen ge\u00fcbten Text. Im zweiten Teil hatten sie kurz Zeit sich mit einem unge\u00fcbten Text zu besch\u00e4ftigen, den sie dann auch vor gef\u00fcllter Aula vorlesen mussten. <\/p>\n\n\n\n<ul class=\"wp-block-gallery columns-2 is-cropped wp-block-gallery-1 is-layout-flex wp-block-gallery-is-layout-flex\"><li class=\"blocks-gallery-item\"><figure><img loading=\"lazy\" decoding=\"async\" width=\"900\" height=\"820\" src=\"https:\/\/diesterwegschule-soemmerda.de\/wp-content\/uploads\/2019\/06\/2019-06-14-Lesewettbewerb-Kl1_02.jpg\" alt=\"\" data-id=\"572\" data-link=\"https:\/\/diesterwegschule-soemmerda.de\/?attachment_id=572\" class=\"wp-image-572\" srcset=\"https:\/\/diesterwegschule-soemmerda.de\/wp-content\/uploads\/2019\/06\/2019-06-14-Lesewettbewerb-Kl1_02.jpg 900w, https:\/\/diesterwegschule-soemmerda.de\/wp-content\/uploads\/2019\/06\/2019-06-14-Lesewettbewerb-Kl1_02-300x273.jpg 300w, https:\/\/diesterwegschule-soemmerda.de\/wp-content\/uploads\/2019\/06\/2019-06-14-Lesewettbewerb-Kl1_02-768x700.jpg 768w\" sizes=\"auto, (max-width: 900px) 100vw, 900px\" \/><figcaption>Vorbereitung auf den unbekannten Text<\/figcaption><\/figure><\/li><li class=\"blocks-gallery-item\"><figure><img loading=\"lazy\" decoding=\"async\" width=\"800\" height=\"830\" src=\"https:\/\/diesterwegschule-soemmerda.de\/wp-content\/uploads\/2019\/06\/2019-06-14-Lesewettbewerb-Kl1_03.jpg\" alt=\"\" data-id=\"573\" data-link=\"https:\/\/diesterwegschule-soemmerda.de\/?attachment_id=573\" class=\"wp-image-573\" srcset=\"https:\/\/diesterwegschule-soemmerda.de\/wp-content\/uploads\/2019\/06\/2019-06-14-Lesewettbewerb-Kl1_03.jpg 800w, https:\/\/diesterwegschule-soemmerda.de\/wp-content\/uploads\/2019\/06\/2019-06-14-Lesewettbewerb-Kl1_03-289x300.jpg 289w, https:\/\/diesterwegschule-soemmerda.de\/wp-content\/uploads\/2019\/06\/2019-06-14-Lesewettbewerb-Kl1_03-768x797.jpg 768w\" sizes=\"auto, (max-width: 800px) 100vw, 800px\" \/><figcaption>Geschafft! Die Platzierungen stehen fest.<\/figcaption><\/figure><\/li><\/ul>\n\n\n\n<p>Die Jury, die aus den Lehrerinnen Frau W\u00e4chter und Frau Keimling sowie Frau Leischner vom F\u00f6rderverein der Bibliothek S\u00f6mmerda bestand, entschied, dass schlussendlich Frieda aus der 1b auf dem Lesethron Platz nehmen durfte. An ihrer Seite stand die Zweitplatzierte Lusi (1b) gefolgt von Klara und Emilia. Als Preise gab es &#8211; wie sollte es bei einem Lesewettbewerb anders sein &#8211; neuen Lesestoff.<\/p>\n","protected":false},"excerpt":{"rendered":"<p>(14.06.2019) &#8222;Eigentlich sind wir alle Gewinner, denn wir sind die besten Leserinnen der ersten Klasse!&#8220; sagen Emilia und Klara selbstbewusst<\/p>\n","protected":false},"author":1,"featured_media":567,"comment_status":"closed","ping_status":"open","sticky":false,"template":"","format":"standard","meta":{"footnotes":""},"categories":[8],"tags":[],"class_list":["post-566","post","type-post","status-publish","format-standard","has-post-thumbnail","hentry","category-schulleben"],"_links":{"self":[{"href":"https:\/\/diesterwegschule-soemmerda.de\/index.php?rest_route=\/wp\/v2\/posts\/566","targetHints":{"allow":["GET"]}}],"collection":[{"href":"https:\/\/diesterwegschule-soemmerda.de\/index.php?rest_route=\/wp\/v2\/posts"}],"about":[{"href":"https:\/\/diesterwegschule-soemmerda.de\/index.php?rest_route=\/wp\/v2\/types\/post"}],"author":[{"embeddable":true,"href":"https:\/\/diesterwegschule-soemmerda.de\/index.php?rest_route=\/wp\/v2\/users\/1"}],"replies":[{"embeddable":true,"href":"https:\/\/diesterwegschule-soemmerda.de\/index.php?rest_route=%2Fwp%2Fv2%2Fcomments&post=566"}],"version-history":[{"count":5,"href":"https:\/\/diesterwegschule-soemmerda.de\/index.php?rest_route=\/wp\/v2\/posts\/566\/revisions"}],"predecessor-version":[{"id":585,"href":"https:\/\/diesterwegschule-soemmerda.de\/index.php?rest_route=\/wp\/v2\/posts\/566\/revisions\/585"}],"wp:featuredmedia":[{"embeddable":true,"href":"https:\/\/diesterwegschule-soemmerda.de\/index.php?rest_route=\/wp\/v2\/media\/567"}],"wp:attachment":[{"href":"https:\/\/diesterwegschule-soemmerda.de\/index.php?rest_route=%2Fwp%2Fv2%2Fmedia&parent=566"}],"wp:term":[{"taxonomy":"category","embeddable":true,"href":"https:\/\/diesterwegschule-soemmerda.de\/index.php?rest_route=%2Fwp%2Fv2%2Fcategories&post=566"},{"taxonomy":"post_tag","embeddable":true,"href":"https:\/\/diesterwegschule-soemmerda.de\/index.php?rest_route=%2Fwp%2Fv2%2Ftags&post=566"}],"curies":[{"name":"wp","href":"https:\/\/api.w.org\/{rel}","templated":true}]}}