{"id":5729,"date":"2024-11-16T11:26:00","date_gmt":"2024-11-16T11:26:00","guid":{"rendered":"https:\/\/diesterwegschule-soemmerda.de\/?p=5729"},"modified":"2025-02-01T14:39:22","modified_gmt":"2025-02-01T14:39:22","slug":"foerderverein-ehrt-ehrenamtliche","status":"publish","type":"post","link":"https:\/\/diesterwegschule-soemmerda.de\/?p=5729","title":{"rendered":"F\u00f6rderverein ehrt Ehrenamtliche"},"content":{"rendered":"\n<p>(15.11.2024) Am 4. November hatte der Vorsitzende unseres F\u00f6rdervereins Dr. Dirk H\u00f6lzer die aktuell rund 100 Mitglieder des Vereins zur j\u00e4hrlichen Mitgliederversammlung eingeladen. Neben dem Rechenschaftsbericht des Vorstandes stand die W\u00fcrdigung Ehrenamtlicher mit einer F\u00f6rderung durch die Th\u00fcringer Ehrenamtsstiftung auf der Tagesordnung.<\/p>\n\n\n\n<p>Dirk H\u00f6lzer pr\u00e4sentierte den Mitgliedern den Rechenschaftsbericht und stellte ausgew\u00e4hlte Projekte im Berichtszeitraum vor. Hier wurden beispielhaft die Fertigstellung des Gr\u00fcnen Klassenzimmers im Schulgarten, die Anschaffung neuer Audiotechnik f\u00fcr die Turnhalle sowie die Unterst\u00fctzung des Schulfestes mit einer Tombola genannt. Dar\u00fcber hinaus sind die Anschaffung von Medaillen f\u00fcr Schulsportfeste, die Unterst\u00fctzung des Tages der offenen Schult\u00fcr und das Schulplanetarium f\u00fcr unsere Viertkl\u00e4ssler zu nennen. Auch an Ideen f\u00fcr die nahe Zukunft mangelt es dem F\u00f6rderverein nicht. <\/p>\n\n\n\n<p>Nachdem die Entlastung des Vorstands f\u00fcr den Berichtszeitraum erfolgt war, stand die Ehrung Ehrenamtlicher auf dem Programm. Hierf\u00fcr hatte der Verein bei der Th\u00fcringer Ehrenamtsstiftung erneut Mittel im Rahmen des Programms &#8222;Aktiv vor Ort&#8220; eine F\u00f6rderung beantragt. Neben der F\u00f6rderung der erforderlichen Versicherung f\u00fcr die Musikinstrumente der Streicherklasse, gab es finanzielle Unterst\u00fctzung f\u00fcr das Hosting der Homepage. Beide Posten werden aus Eigenmitteln des Vereins bezahlt und die Mittel stehen nun durch die F\u00f6rderung wieder f\u00fcr unsere Arbeit mit den Kindern zur Verf\u00fcgung. Dar\u00fcber hinaus wurden das herausragende Engagement von drei ehrenamtlich t\u00e4tigen Mitgliedern unseres Vereins gew\u00fcrdigt.<\/p>\n\n\n\n<p><strong>Karin Glomb<\/strong><br>Die Schule ist oft der einzige Ort in dem die Kinder unbeschwert lernen, spielen, toben und ihre Kreativit\u00e4t ausprobieren k\u00f6nnen. Auch der Zugang zu B\u00fcchern und Literatur ist f\u00fcr viele \u00fcberhaupt nicht selbstverst\u00e4ndlich, w\u00e4hrend andere Kinder als echte Leseratten ein Buch nach dem anderen verschlingen.<\/p>\n\n\n\n<p>So hat Karin Glomb es sich in Ihrem Ruhestand zur Aufgabe gemacht, f\u00fcr all diese Kinder einmal pro Woche in unserer Schulbibliothek da zu sein. Bereits seit 2012 \u00f6ffnet sie somit regelm\u00e4\u00dfig die Bibliothek f\u00fcr gro\u00dfe und kleine Leseratten und hat immer einen passenden Tipp parat. Durch dieses gro\u00dfartige ehrenamtliche Engagement leistet sie nicht nur einen wichtigen Beitrag zur Entwicklung und F\u00f6rderung unserer Kinder, sondern tr\u00e4gt auch zur langfristigen Verbesserung des sozialen Miteinanders bei.<\/p>\n\n\n\n<p><strong>Petra Ritter<\/strong><br>Petra Ritter kam 1991 als Erzieherin an unsere Grundschule. Schon immer hat sie sich sehr bei der Organisation und Durchf\u00fchrung Spielzeug- oder B\u00fccherbasaren ma\u00dfgeblich eingebracht. Die Einnahmen, die sie so erreichte, wurden stets gemeinn\u00fctzigen Zwecken zur Verf\u00fcgung gestellt, wie zuletzt 2022, als der Erl\u00f6s von \u00fcber 800\u20ac der Fl\u00fcchtlingshilfe des ASB f\u00fcr Gefl\u00fcchtete des Ukrainekrieges gespendet wurde. Stets hat sie aber auch unseren Verein und ihre Schule ber\u00fccksichtigt.<\/p>\n\n\n\n<p>F\u00fcr unseren Verein war Petra Ritter seit dessen Gr\u00fcndung 2009 aktiv. Sie war dreizehn Jahre als Kassenpr\u00fcferin t\u00e4tig.<\/p>\n\n\n\n<p><strong>Jonathan Weise<\/strong><br>Die Verbindung von Jonathan Weise mit unserer Grundschule reicht bis in seine Grundschulzeit zur\u00fcck. Als Sch\u00fcler der Diesterweg war er einst selbst Mitglied der Theater AG, damals noch unter dem Namen \u201eSpielm\u00e4use\u201c. Nach langer Abstinenz kam er im Rahmen eines freiwilligen \u00f6kologischen Jahres 2021 zur\u00fcck an SEINE Diesterweg. Am Ende dieser von Corona gepr\u00e4gten Zeit, stand auch ein Entschluss f\u00fcr ein Studium des Lehramtes f\u00fcr Grundschulen.<\/p>\n\n\n\n<p>Im Schuljahr 2021\/2022 hat Herr Weise gemeinsam mit Kristin Linsel die Leitung der Theater AG \u00fcbernommen, die heute unter dem Namen \u201eTraumwerkstatt\u201c agiert. Am 17.06.2022 war es dann soweit, die Premiere des ersten St\u00fcckes der AG aus seiner Feder: \u201eVerSPROCHEN und VerSAGT\u201c. Seinen bisherigen H\u00f6hepunkt fand das Wirken von Jonathan Weise in der Ausrichtung der diesj\u00e4hrigen Schultheatertage des Landkreises S\u00f6mmerda hier an unserer Schule. Nach der Teilnahme seiner Traumwerkst\u00e4tter an den Schultheatertagen in Buttst\u00e4dt 2023 hat er, gemeinsam mit einem starken Team der Diesterweg, dieses f\u00fcr die Sch\u00fclerinnen und Sch\u00fcler unvergessene Erlebnis erm\u00f6glicht.<\/p>\n\n\n\n<p>Alle Ausgezeichneten erhielten einen Gutschein, Blumen sowie kleine Pr\u00e4sente.<\/p>\n\n\n\n<figure class=\"wp-block-image size-full\"><img loading=\"lazy\" decoding=\"async\" width=\"1000\" height=\"842\" src=\"http:\/\/diesterwegschule-soemmerda.de\/wp-content\/uploads\/2023\/11\/2023-11-14-FV_01.jpg\" alt=\"\" class=\"wp-image-4495\" srcset=\"https:\/\/diesterwegschule-soemmerda.de\/wp-content\/uploads\/2023\/11\/2023-11-14-FV_01.jpg 1000w, https:\/\/diesterwegschule-soemmerda.de\/wp-content\/uploads\/2023\/11\/2023-11-14-FV_01-300x253.jpg 300w, https:\/\/diesterwegschule-soemmerda.de\/wp-content\/uploads\/2023\/11\/2023-11-14-FV_01-768x647.jpg 768w\" sizes=\"auto, (max-width: 1000px) 100vw, 1000px\" \/><\/figure>\n\n\n\n<p>Am Ende der diesj\u00e4hrigen Mitgliederversammlung stand noch eine ganz besondere Ehrung auf dem Programm. Mit sehr emotionalen Worten bat Dirk H\u00f6lzer die ehemalige Schulleiterin der Diesterweggrundschule Heidrun Saalfeld nach vorn. <\/p>\n\n\n\n<p><em>&#8222;Es hat mich beeindruckt, mit welchem Engagement, mit welcher Hingabe und Leidenschaft du liebe Heidrun fast 15 Jahre lang die Geschicke des Vereins geleitet hast. Du hast in dieser Zeit so viel f\u00fcr unsere Kinder und unsere Schule erreicht \u2013 und du hast in dieser Zeit auch zwei Vorstandsvorsitzende ertragen. Als ich im letzten Jahr diese unglaubliche Zahl von 104.934,88\u20ac zusammengerechnet habe, hat mich das nachhaltig beeindruckt. Dass unser Verein aktuell auf einem soliden Fundament steht, ist nicht zuletzt ein Verdienst deiner Handlungen und Entscheidungen. Ich habe dem Vorstand vorgeschlagen, dich f\u00fcr deine besonderen Verdienste um unseren Verein zum ersten Ehrenmitglied unseres Vereins zu ernennen. Dieser Vorschlag wurde einstimmig angenommen und beschlossen. Die Ehrenmitgliedschaft unseres Vereins ist nicht mit besonderen Rechten oder Pflichten verbunden. Die Ehrenmitgliedschaft ist ausschlie\u00dflich eine W\u00fcrdigung herausragenden Engagements und ein Zeichen der besonderen Wertsch\u00e4tzung deiner Leistung. Bevor ich Dir die Urkunde zur Ehrenmitgliedschaft \u00fcberreichen darf, muss ich dich noch fragen, ob du diese annimmst!<\/em>&#8222;<\/p>\n\n\n\n<p>Sichtlich ger\u00fchrt, nahm Heidrun Saalfeld die Ehrenmitgliedschaft an und wurde offiziell zum ersten Ehrenmitglied des F\u00f6rdervereins der staatlichen Grundschule Adolph Diesterweg ernannt.<\/p>\n","protected":false},"excerpt":{"rendered":"<p>(15.11.2024) Am 4. November hatte der Vorsitzende unseres F\u00f6rdervereins Dr. Dirk H\u00f6lzer die aktuell rund 100 Mitglieder des Vereins zur<\/p>\n","protected":false},"author":1,"featured_media":5730,"comment_status":"closed","ping_status":"open","sticky":false,"template":"","format":"standard","meta":{"footnotes":""},"categories":[7,8],"tags":[],"class_list":["post-5729","post","type-post","status-publish","format-standard","has-post-thumbnail","hentry","category-foerderverein","category-schulleben"],"_links":{"self":[{"href":"https:\/\/diesterwegschule-soemmerda.de\/index.php?rest_route=\/wp\/v2\/posts\/5729","targetHints":{"allow":["GET"]}}],"collection":[{"href":"https:\/\/diesterwegschule-soemmerda.de\/index.php?rest_route=\/wp\/v2\/posts"}],"about":[{"href":"https:\/\/diesterwegschule-soemmerda.de\/index.php?rest_route=\/wp\/v2\/types\/post"}],"author":[{"embeddable":true,"href":"https:\/\/diesterwegschule-soemmerda.de\/index.php?rest_route=\/wp\/v2\/users\/1"}],"replies":[{"embeddable":true,"href":"https:\/\/diesterwegschule-soemmerda.de\/index.php?rest_route=%2Fwp%2Fv2%2Fcomments&post=5729"}],"version-history":[{"count":7,"href":"https:\/\/diesterwegschule-soemmerda.de\/index.php?rest_route=\/wp\/v2\/posts\/5729\/revisions"}],"predecessor-version":[{"id":5742,"href":"https:\/\/diesterwegschule-soemmerda.de\/index.php?rest_route=\/wp\/v2\/posts\/5729\/revisions\/5742"}],"wp:featuredmedia":[{"embeddable":true,"href":"https:\/\/diesterwegschule-soemmerda.de\/index.php?rest_route=\/wp\/v2\/media\/5730"}],"wp:attachment":[{"href":"https:\/\/diesterwegschule-soemmerda.de\/index.php?rest_route=%2Fwp%2Fv2%2Fmedia&parent=5729"}],"wp:term":[{"taxonomy":"category","embeddable":true,"href":"https:\/\/diesterwegschule-soemmerda.de\/index.php?rest_route=%2Fwp%2Fv2%2Fcategories&post=5729"},{"taxonomy":"post_tag","embeddable":true,"href":"https:\/\/diesterwegschule-soemmerda.de\/index.php?rest_route=%2Fwp%2Fv2%2Ftags&post=5729"}],"curies":[{"name":"wp","href":"https:\/\/api.w.org\/{rel}","templated":true}]}}