{"id":5845,"date":"2025-03-12T19:26:11","date_gmt":"2025-03-12T19:26:11","guid":{"rendered":"https:\/\/diesterwegschule-soemmerda.de\/?p=5845"},"modified":"2025-03-15T19:43:08","modified_gmt":"2025-03-15T19:43:08","slug":"handyfuehrerschein-wie-smart-bist-du","status":"publish","type":"post","link":"https:\/\/diesterwegschule-soemmerda.de\/?p=5845","title":{"rendered":"HandyF\u00fchrerschein &#8211; Wie smart bist du?"},"content":{"rendered":"\n<p>(12.03.2025) Immer mehr Kinder w\u00fcnschen sich ein eigenes Handy und viele Eltern stellen sich zurecht die Frage, ob Grundsch\u00fcler wirklich eines ben\u00f6tigen. In jungen Jahren sind viele noch nicht in der Lage, die Verantwortung f\u00fcr ein Handy zu \u00fcbernehmen. Die m\u00f6glichen Risiken, wie \u00fcberm\u00e4\u00dfige Bildschirmzeit, gesundheitliche Auswirkungen oder der Zugang zu ungeeigneten Inhalten, machen es oft sinnvoller, wenn Kinder erst sp\u00e4ter ein eigenes Ger\u00e4t bekommen.<\/p>\n\n\n\n<p>Ein Baustein der Pr\u00e4ventionsangebote der Schulsozialarbeit und der ASB-Pr\u00e4ventionsstelle des Landkreises S\u00f6mmerda ist der Projekttag \u201eHandyF\u00fchrerschein\u201c in den dritten Klassen. Es ist uns sehr wichtig, dass unsere Sch\u00fcler ein besseres Verst\u00e4ndnis f\u00fcr den Umgang mit Handys entwickeln und die Auswirkungen der Nutzung auf das t\u00e4gliche Leben reflektieren. Mit Hilfe von schuleigenen Tablets und dem Smarty Heft ging es darum, herauszufinden wieviel Mediennutzung im Grundschulalter gesund ist, was ein Handy eigentlich kostet, welche Gefahren es im Netz gibt. <\/p>\n\n\n\n<p>Wenn Kinder im Grundschulalter ein eigenes Handy erhalten, gen\u00fcgt ein \u00fcberschaubares Angebot an sicheren Webseiten und Apps. Einen guten \u00dcberblick bietet u. a. die klicksafe-Kinderseite <a href=\"http:\/\/www.klicksafe.de\" target=\"_blank\" rel=\"noreferrer noopener\">www.klicksafe.de<\/a>.<br>Unter dem Link <a href=\"https:\/\/www.klicksafe.de\/checklisten\">Checklisten &#8211; <\/a><a href=\"https:\/\/www.klicksafe.de\/checklisten\" target=\"_blank\" rel=\"noreferrer noopener\">klicksafe<\/a><a href=\"https:\/\/www.klicksafe.de\/checklisten\">.de<\/a> gibt es eine Reihe von Checklisten f\u00fcr Eltern z. B. \u201eIst mein Kind fit f\u00fcr ein eigenes Smartphone?\u201c.<\/p>\n","protected":false},"excerpt":{"rendered":"<p>(12.03.2025) Immer mehr Kinder w\u00fcnschen sich ein eigenes Handy und viele Eltern stellen sich zurecht die Frage, ob Grundsch\u00fcler wirklich<\/p>\n","protected":false},"author":1,"featured_media":0,"comment_status":"closed","ping_status":"open","sticky":false,"template":"","format":"standard","meta":{"footnotes":""},"categories":[8,11],"tags":[],"class_list":["post-5845","post","type-post","status-publish","format-standard","hentry","category-schulleben","category-schulsozialarbeit"],"_links":{"self":[{"href":"https:\/\/diesterwegschule-soemmerda.de\/index.php?rest_route=\/wp\/v2\/posts\/5845","targetHints":{"allow":["GET"]}}],"collection":[{"href":"https:\/\/diesterwegschule-soemmerda.de\/index.php?rest_route=\/wp\/v2\/posts"}],"about":[{"href":"https:\/\/diesterwegschule-soemmerda.de\/index.php?rest_route=\/wp\/v2\/types\/post"}],"author":[{"embeddable":true,"href":"https:\/\/diesterwegschule-soemmerda.de\/index.php?rest_route=\/wp\/v2\/users\/1"}],"replies":[{"embeddable":true,"href":"https:\/\/diesterwegschule-soemmerda.de\/index.php?rest_route=%2Fwp%2Fv2%2Fcomments&post=5845"}],"version-history":[{"count":2,"href":"https:\/\/diesterwegschule-soemmerda.de\/index.php?rest_route=\/wp\/v2\/posts\/5845\/revisions"}],"predecessor-version":[{"id":5848,"href":"https:\/\/diesterwegschule-soemmerda.de\/index.php?rest_route=\/wp\/v2\/posts\/5845\/revisions\/5848"}],"wp:attachment":[{"href":"https:\/\/diesterwegschule-soemmerda.de\/index.php?rest_route=%2Fwp%2Fv2%2Fmedia&parent=5845"}],"wp:term":[{"taxonomy":"category","embeddable":true,"href":"https:\/\/diesterwegschule-soemmerda.de\/index.php?rest_route=%2Fwp%2Fv2%2Fcategories&post=5845"},{"taxonomy":"post_tag","embeddable":true,"href":"https:\/\/diesterwegschule-soemmerda.de\/index.php?rest_route=%2Fwp%2Fv2%2Ftags&post=5845"}],"curies":[{"name":"wp","href":"https:\/\/api.w.org\/{rel}","templated":true}]}}