{"id":5884,"date":"2025-03-25T18:17:56","date_gmt":"2025-03-25T18:17:56","guid":{"rendered":"https:\/\/diesterwegschule-soemmerda.de\/?p=5884"},"modified":"2025-03-25T18:17:56","modified_gmt":"2025-03-25T18:17:56","slug":"osterferienplan-2","status":"publish","type":"post","link":"https:\/\/diesterwegschule-soemmerda.de\/?p=5884","title":{"rendered":"Osterferienplan"},"content":{"rendered":"\n<p>(25.03.2025) Noch eineinhalb Wochen Schule, dann stehen die Osterferien vor der T\u00fcr. Zeit, das dann hoffentlich fr\u00fchlingshafte Wetter zu genie\u00dfen und einfach mal die Seele baumeln zu lassen.<br>Bitte denken Sie daran, dass in den Ferien nur der Eingang \u00fcber das Hoftor ge\u00f6ffnet ist. F\u00fcr die Angebote am Vormittag ist es wichtig, dass alle Kinder 8:45 Uhr in der Schule sind.<\/p>\n\n\n\n<p>Kinder, die allein nach Hause gehen d\u00fcrfen, m\u00fcssen unbedingt eine schriftliche Erlaubnis der Sorgeberechtigten mitbringen. <strong>Gern kann Ihr Kind t\u00e4glich eigene Spiele und Malsachen mitbringen, aber elektronisches Spielzeug bleibt bitte zu Hause.<\/strong><\/p>\n\n\n\n<p>In den Ferien erreichen Sie den Hort nur unter folgender Nummer: (0151) 29 20 15 78<\/p>\n\n\n\n<p>Die Erzieher haben folgendes Programm f\u00fcr unsere Ferienkinder vorbereitet:<\/p>\n\n\n\n<p><strong><mark style=\"background-color:rgba(0, 0, 0, 0)\" class=\"has-inline-color has-tertiary-color\">1. Ferienwoche &#8211; 7. bis 11. April 2025<\/mark><\/strong><\/p>\n\n\n\n<p><strong><mark style=\"background-color:rgba(0, 0, 0, 0)\" class=\"has-inline-color has-tertiary-color\">Montag, 7. April 2025<\/mark><\/strong><br>Vormittag: Wir veranstalten ein <strong>Fu\u00dfballturnier<\/strong>.<br>Nachmittag: Wir gestalten Kunstwerke mit der <strong>Farbschleuder<\/strong>.<\/p>\n\n\n\n<p><strong><mark style=\"background-color:rgba(0, 0, 0, 0)\" class=\"has-inline-color has-tertiary-color\">Dienstag, 8. April 2025<\/mark><\/strong><br>Vormittag: Wir f\u00fchren unter professioneller Anleitung\u00a0<strong>1. Hilfe am Kind<\/strong> durch. (Stationsbetrieb)<br>Nachmittag: Wir <strong>kn\u00fcpfen Freundschaftsarmb\u00e4nder<\/strong>.<\/p>\n\n\n\n<p><strong><mark style=\"background-color:rgba(0, 0, 0, 0)\" class=\"has-inline-color has-tertiary-color\">Mittwoch, 9. April 2025<\/mark><\/strong><br>Vormittag: Wir f\u00fchren <strong>Experimente<\/strong> durch.<br>Nachmittag: Wir <strong>backen Pl\u00e4tzchen<\/strong>.<\/p>\n\n\n\n<p><strong><mark style=\"background-color:rgba(0, 0, 0, 0)\" class=\"has-inline-color has-tertiary-color\">Donnerstag, 10. April 2025<\/mark><\/strong><br>Vormittag: Wir <strong>filzen \u201eLustige Hennen\u201c<\/strong>. (Unkostenbeitrag: 2,50 Euro)<br>Nachmittag: Wir f\u00fchren <strong>\u201eKleine Spiele\u201c<\/strong> in der Turnhalle durch. (Sportzeug mitbringen)<\/p>\n\n\n\n<p><strong><mark style=\"background-color:rgba(0, 0, 0, 0)\" class=\"has-inline-color has-tertiary-color\">Freitag, 11. April 2025<\/mark><\/strong><br>Vormitttag: Wir entspannen beim <strong>Yoga<\/strong>.<br>Nachmittag: Wir spielen <strong>Brett- und Gesellschaftsspiele<\/strong>.<\/p>\n\n\n\n<p><strong><mark style=\"background-color:rgba(0, 0, 0, 0)\" class=\"has-inline-color has-accent-color\">2. Ferienwoche &#8211; 14. bis 17. April 2025<\/mark><\/strong><\/p>\n\n\n\n<p><strong><mark style=\"background-color:rgba(0, 0, 0, 0)\" class=\"has-inline-color has-accent-color\">Montag, 14. April 2025<\/mark><\/strong><br>Vormittag: Wir gehen <strong>Kegeln<\/strong>. (Unkostenbeitrag: 1 Euro)<br>1.Gruppe: 09.30-11.00 Uhr<br>2.Gruppe: 10.30- 12.00 Uhr<br>Nachmittag: Wir veranstalten eine <strong>Disco mit Tanzspielen<\/strong> in der Aula.<\/p>\n\n\n\n<p><strong><mark style=\"background-color:rgba(0, 0, 0, 0)\" class=\"has-inline-color has-accent-color\">Dienstag, 15. April 2025<\/mark><\/strong><br>Vormittag: Die Klasse 3 und 4 geht auf den <strong>Bauspielplatz.<\/strong><\/p>\n\n\n\n<p>Wir gehen 8:15 Uhr los und sind gegen 14:15 Uhr wieder in der Schule. <br>F\u00fcr die Gro\u00dfen bitte das Mittagessen abbestellen.<\/p>\n\n\n\n<p>Die Klasse 1 und 2 bereitet einen <strong>leckeren Nudelsalat<\/strong> in der Schule zu.<\/p>\n\n\n\n<p>Nachmittag: Wir f\u00fchren eine <strong>Gaudi- Olympiade<\/strong> in der Turnhalle durch. (Sportzeug mitbringen)<\/p>\n\n\n\n<p><strong><mark style=\"background-color:rgba(0, 0, 0, 0)\" class=\"has-inline-color has-accent-color\">Mittwoch, 16. April 2025<\/mark><\/strong><br>Vormittag: Wir gehen <strong>\u201eKickern<\/strong>&#8222;. (Unkostenbeitrag: 0,50 <mark style=\"background-color:rgba(0, 0, 0, 0)\" class=\"has-inline-color has-black-color\">Euro<\/mark>)<\/p>\n\n\n\n<p>1.Gruppe: 08:30-10:30 Uhr<br>2.Gruppe: 10:30 Uhr-12:30 Uhr<\/p>\n\n\n\n<p>Nachmittag: Wir <strong>bemalen Ostereier<\/strong>. Bitte zwei ausgeblasene Eier mitbringen.<\/p>\n\n\n\n<p><strong><mark style=\"background-color:rgba(0, 0, 0, 0)\" class=\"has-inline-color has-accent-color\">Donnerstag, 17. April 2025<\/mark><\/strong><br>Vormittag: Wir f\u00fchren eine <strong>Osterwanderung <\/strong>durch.<br>Nachmittag: Wir schauen einen <strong>Film<\/strong> und essen <strong>Popcorn<\/strong>.<\/p>\n","protected":false},"excerpt":{"rendered":"<p>(25.03.2025) Noch eineinhalb Wochen Schule, dann stehen die Osterferien vor der T\u00fcr. Zeit, das dann hoffentlich fr\u00fchlingshafte Wetter zu genie\u00dfen<\/p>\n","protected":false},"author":1,"featured_media":4734,"comment_status":"closed","ping_status":"open","sticky":false,"template":"","format":"standard","meta":{"footnotes":""},"categories":[5],"tags":[],"class_list":["post-5884","post","type-post","status-publish","format-standard","has-post-thumbnail","hentry","category-hort"],"_links":{"self":[{"href":"https:\/\/diesterwegschule-soemmerda.de\/index.php?rest_route=\/wp\/v2\/posts\/5884","targetHints":{"allow":["GET"]}}],"collection":[{"href":"https:\/\/diesterwegschule-soemmerda.de\/index.php?rest_route=\/wp\/v2\/posts"}],"about":[{"href":"https:\/\/diesterwegschule-soemmerda.de\/index.php?rest_route=\/wp\/v2\/types\/post"}],"author":[{"embeddable":true,"href":"https:\/\/diesterwegschule-soemmerda.de\/index.php?rest_route=\/wp\/v2\/users\/1"}],"replies":[{"embeddable":true,"href":"https:\/\/diesterwegschule-soemmerda.de\/index.php?rest_route=%2Fwp%2Fv2%2Fcomments&post=5884"}],"version-history":[{"count":2,"href":"https:\/\/diesterwegschule-soemmerda.de\/index.php?rest_route=\/wp\/v2\/posts\/5884\/revisions"}],"predecessor-version":[{"id":5886,"href":"https:\/\/diesterwegschule-soemmerda.de\/index.php?rest_route=\/wp\/v2\/posts\/5884\/revisions\/5886"}],"wp:featuredmedia":[{"embeddable":true,"href":"https:\/\/diesterwegschule-soemmerda.de\/index.php?rest_route=\/wp\/v2\/media\/4734"}],"wp:attachment":[{"href":"https:\/\/diesterwegschule-soemmerda.de\/index.php?rest_route=%2Fwp%2Fv2%2Fmedia&parent=5884"}],"wp:term":[{"taxonomy":"category","embeddable":true,"href":"https:\/\/diesterwegschule-soemmerda.de\/index.php?rest_route=%2Fwp%2Fv2%2Fcategories&post=5884"},{"taxonomy":"post_tag","embeddable":true,"href":"https:\/\/diesterwegschule-soemmerda.de\/index.php?rest_route=%2Fwp%2Fv2%2Ftags&post=5884"}],"curies":[{"name":"wp","href":"https:\/\/api.w.org\/{rel}","templated":true}]}}