{"id":6353,"date":"2025-11-24T13:29:45","date_gmt":"2025-11-24T13:29:45","guid":{"rendered":"https:\/\/diesterwegschule-soemmerda.de\/?p=6353"},"modified":"2025-11-29T13:46:27","modified_gmt":"2025-11-29T13:46:27","slug":"buchstabensalat-inmitten-von-brillen","status":"publish","type":"post","link":"https:\/\/diesterwegschule-soemmerda.de\/?p=6353","title":{"rendered":"Buchstabensalat inmitten von Brillen"},"content":{"rendered":"\n<p>(20.11.2025) Im Zeichen des Lesens stand die vorletzte Novemberwoche im Landkreis S\u00f6mmerda. Im Rahmen der 4. Th\u00fcringer Kinder- und Jugendliteraturtage hat unsere Stadt- und Kreisbibliothek S\u00f6mmerda sage und schreibe 32 Lesungen f\u00fcr Kinder und Jugendliche in vier Tagen (19.-22.11.2025) organisiert. Die vierten Klassen waren an einen besonderen Leseort eingeladen. Das Optikzentrum Hense hatte Vormittag des 20. Novembers f\u00fcr alle Kunden geschlossen und \u00f6ffnete seine Gesch\u00e4ftsr\u00e4ume stattdessen f\u00fcr die Kinder der 4a und 4b.<\/p>\n\n\n\n<p>Der Kinder- und Jugendbuchautor <strong>Jens Reinl\u00e4nder<\/strong> war zu Gast, um aus seinem humorvollen Kinderroman <em>\u201eEdgar \u2013 Mein Leben zwischen Nobelpreis und Arschkarte\u201c<\/em> vorzulesen. Schon zu Beginn der Lesung merkten die Kinder, dass sie heute jemand mit viel Humor und noch mehr Geschichten erwartete. Jens Reinl\u00e4nder startete mit einem kleinen Quiz. <em>&#8222;Was ist das?&#8220;<\/em> fragt der Autor und h\u00e4lt ein Buch in die Luft. Ungl\u00e4ubiges Gel\u00e4chter der Kinder. Auf die Antwort: <em>&#8222;Nat\u00fcrlich ein Buch!&#8220; <\/em>bekam das M\u00e4dchen 100 Punkte. Dann ging es gleich weiter. <em>&#8222;Wof\u00fcr braucht man dieses Ding?&#8220;<\/em> Wieder lachen die Kinder. Jens Reinl\u00e4nder pr\u00e4sentiert ihnen zig M\u00f6glichkeiten, das Buch zu nutzen: als Regenschirm, als Sitzm\u00f6glichkeit, als Teller, als Leiterersatz und so weiter und so fort. Irgendwann kommt er nat\u00fcrlich zum Lesen. <\/p>\n\n\n\n<figure class=\"wp-block-image size-full\"><img loading=\"lazy\" decoding=\"async\" width=\"1000\" height=\"778\" src=\"http:\/\/diesterwegschule-soemmerda.de\/wp-content\/uploads\/2025\/11\/2025-11-20-JensReinlaender03.jpg\" alt=\"\" class=\"wp-image-6347\" srcset=\"https:\/\/diesterwegschule-soemmerda.de\/wp-content\/uploads\/2025\/11\/2025-11-20-JensReinlaender03.jpg 1000w, https:\/\/diesterwegschule-soemmerda.de\/wp-content\/uploads\/2025\/11\/2025-11-20-JensReinlaender03-300x233.jpg 300w, https:\/\/diesterwegschule-soemmerda.de\/wp-content\/uploads\/2025\/11\/2025-11-20-JensReinlaender03-768x598.jpg 768w\" sizes=\"auto, (max-width: 1000px) 100vw, 1000px\" \/><\/figure>\n\n\n\n<p>Jens Reinl\u00e4nder erz\u00e4hlte auch ein wenig \u00fcber sich selbst: Dass er fr\u00fcher viele verschiedene Berufe hatte \u2013 unter anderem Seemann, Motorradschrauber und Verlagskaufmann \u2013 und irgendwann merkte, dass er eigentlich am liebsten Geschichten f\u00fcr Kinder schreibt. Diese Leidenschaft begleitet ihn inzwischen seit \u00fcber zwanzig Jahren.<\/p>\n\n\n\n<p>Mit seiner lebendigen Vortragsweise zog der Autor die Kinder schnell in den Bann der Hauptfigur Edgar. Edgar ist ein kluger Junge, manchmal ein kleines Genie, aber leider rutscht ihm oft ein unpassender Spruch heraus. Und daf\u00fcr bekommt er regelm\u00e4\u00dfig die sprichw\u00f6rtliche \u201eArschkarte\u201c. Die Kinder lachten \u00fcber Edgars Missgeschicke \u2013 und h\u00f6rten genauso gespannt zu, wenn es um die ernsteren Momente ging, in denen Edgar merkt, wie schwer es sein kann, anders zu sein als die anderen. Zum Ende der Lesung beantwortete Jens Reinl\u00e4nder Fragen der Kinder: \u201eWie lange braucht man f\u00fcr so ein Buch?\u201c, \u201eHaben Sie Edgar wirklich erfunden?\u201c oder \u201eWarum hei\u00dft das Buch so?\u201c. Der Autor nahm sich Zeit f\u00fcr jede Frage und erz\u00e4hlte offen und humorvoll aus seinem Alltag als Schriftsteller.<\/p>\n\n\n\n<p>Die Lesung zeigte unseren Sch\u00fclerinnen und Sch\u00fclern, wie spannend, lustig und vielseitig Literatur sein kann. Wir danken <strong>Jens Reinl\u00e4nder<\/strong>, dem <strong>Optikzentrum Hense<\/strong> und nat\u00fcrlich der <strong>Stadt- und Kreisbibliothek S\u00f6mmerda<\/strong> herzlich f\u00fcr diesen besonderen Vormittag, der ganz sicher in Erinnerung bleiben wird.<\/p>\n","protected":false},"excerpt":{"rendered":"<p>(20.11.2025) Im Zeichen des Lesens stand die vorletzte Novemberwoche im Landkreis S\u00f6mmerda. Im Rahmen der 4. Th\u00fcringer Kinder- und Jugendliteraturtage<\/p>\n","protected":false},"author":1,"featured_media":6354,"comment_status":"closed","ping_status":"open","sticky":false,"template":"","format":"standard","meta":{"footnotes":""},"categories":[6,8],"tags":[],"class_list":["post-6353","post","type-post","status-publish","format-standard","has-post-thumbnail","hentry","category-kultur","category-schulleben"],"_links":{"self":[{"href":"https:\/\/diesterwegschule-soemmerda.de\/index.php?rest_route=\/wp\/v2\/posts\/6353","targetHints":{"allow":["GET"]}}],"collection":[{"href":"https:\/\/diesterwegschule-soemmerda.de\/index.php?rest_route=\/wp\/v2\/posts"}],"about":[{"href":"https:\/\/diesterwegschule-soemmerda.de\/index.php?rest_route=\/wp\/v2\/types\/post"}],"author":[{"embeddable":true,"href":"https:\/\/diesterwegschule-soemmerda.de\/index.php?rest_route=\/wp\/v2\/users\/1"}],"replies":[{"embeddable":true,"href":"https:\/\/diesterwegschule-soemmerda.de\/index.php?rest_route=%2Fwp%2Fv2%2Fcomments&post=6353"}],"version-history":[{"count":3,"href":"https:\/\/diesterwegschule-soemmerda.de\/index.php?rest_route=\/wp\/v2\/posts\/6353\/revisions"}],"predecessor-version":[{"id":6369,"href":"https:\/\/diesterwegschule-soemmerda.de\/index.php?rest_route=\/wp\/v2\/posts\/6353\/revisions\/6369"}],"wp:featuredmedia":[{"embeddable":true,"href":"https:\/\/diesterwegschule-soemmerda.de\/index.php?rest_route=\/wp\/v2\/media\/6354"}],"wp:attachment":[{"href":"https:\/\/diesterwegschule-soemmerda.de\/index.php?rest_route=%2Fwp%2Fv2%2Fmedia&parent=6353"}],"wp:term":[{"taxonomy":"category","embeddable":true,"href":"https:\/\/diesterwegschule-soemmerda.de\/index.php?rest_route=%2Fwp%2Fv2%2Fcategories&post=6353"},{"taxonomy":"post_tag","embeddable":true,"href":"https:\/\/diesterwegschule-soemmerda.de\/index.php?rest_route=%2Fwp%2Fv2%2Ftags&post=6353"}],"curies":[{"name":"wp","href":"https:\/\/api.w.org\/{rel}","templated":true}]}}