{"id":6357,"date":"2025-11-29T13:27:32","date_gmt":"2025-11-29T13:27:32","guid":{"rendered":"https:\/\/diesterwegschule-soemmerda.de\/?p=6357"},"modified":"2025-11-29T13:27:32","modified_gmt":"2025-11-29T13:27:32","slug":"preisverleihung-schulradeln-2025","status":"publish","type":"post","link":"https:\/\/diesterwegschule-soemmerda.de\/?p=6357","title":{"rendered":"Preisverleihung Schulradeln 2025"},"content":{"rendered":"\n<p>(28.11.2025) V\u00f6llig unerwartet flatterte fast vier Monate nach der S\u00f6mmerdaer Siegerehrung f\u00fcrs Stadtradeln eine Einladung zur th\u00fcringenweiten Preisverleihung des Schulradelns bei uns in der Schule ein. F\u00fcr die ersten drei Pl\u00e4tze in den Kategorien<\/p>\n\n\n\n<ul class=\"wp-block-list\">\n<li>Schule mit den meisten Fahrradkilometern (absolut)<\/li>\n\n\n\n<li>Schule mit den meisten Fahrradkilometern pro Teilnehmer (pro-Kopf-Durchschnitt) bei einer Mindestteamgr\u00f6\u00dfe f\u00fcr die Wertung von 30 Teilnehmern<\/li>\n\n\n\n<li>Schule mit den meisten aktiven Teilnehmern (prozentual)<\/li>\n<\/ul>\n\n\n\n<p>hatte das Th\u00fcringer Ministerium f\u00fcr Digitales und Infrastruktur Preisgelder ausgelobt. Au\u00dferdem gab es noch eine Loskategorie f\u00fcr eine Grundschule und eine weiterf\u00fchrende Schule. Wie hoch die Preisgelder sein sollten, war eine \u00dcberraschung f\u00fcr uns. Also fuhr eine kleine Abordnung mit Schulleiterin Anne H\u00f6lzer am 28. November 2025 in die Landeshauptstadt, um im Festsaal des Erfurter Rathauses den Preis entgegenzunehmen.<\/p>\n\n\n\n<p>Nach einem kleinen Programm von Einradartisten des Kinder- und Jugendzirkus Tasifan aus Weimar sprachen Minister Steffen Sch\u00fctz und die Landr\u00e4tin des Ilmkreises Petra Sch\u00fctz zu den Preistr\u00e4gern. Dann ging es endlich an die Preisverleihung. Elf Th\u00fcringer Schulen wurden f\u00fcr ihr Engagement beim SCHULRADELN 2025 ausgezeichnet. Insgesamt sammelten 167 Schulen \u00fcber 1,1 Mio. Kilometer und sparten 185 Tonnen CO\u2082 ein \u2013 ein starkes Zeichen f\u00fcr klimafreundliche Mobilit\u00e4t.<\/p>\n\n\n\n<figure class=\"wp-block-image size-full\"><img loading=\"lazy\" decoding=\"async\" width=\"1000\" height=\"750\" src=\"https:\/\/diesterwegschule-soemmerda.de\/wp-content\/uploads\/2025\/11\/2025-11-28-Schulradeln02.jpg\" alt=\"\" class=\"wp-image-6359\" srcset=\"https:\/\/diesterwegschule-soemmerda.de\/wp-content\/uploads\/2025\/11\/2025-11-28-Schulradeln02.jpg 1000w, https:\/\/diesterwegschule-soemmerda.de\/wp-content\/uploads\/2025\/11\/2025-11-28-Schulradeln02-300x225.jpg 300w, https:\/\/diesterwegschule-soemmerda.de\/wp-content\/uploads\/2025\/11\/2025-11-28-Schulradeln02-768x576.jpg 768w, https:\/\/diesterwegschule-soemmerda.de\/wp-content\/uploads\/2025\/11\/2025-11-28-Schulradeln02-880x660.jpg 880w\" sizes=\"auto, (max-width: 1000px) 100vw, 1000px\" \/><\/figure>\n\n\n\n<p>Als wir aufgerufen wurden, war die Freude gro\u00df: Wir hatten den zweiten Platz der Kategorie &#8222;Meiste aktive Teilnehmer&#8220; gewonnen, der mit sage und schreibe 900 \u20ac dotiert war. Mit dem dritten Platz derselben Kategorie wurde die S\u00f6mmerdaer Lindenschule ausgezeichnet, die wie unsere Schule unglaublich viele Kinder und deren Familien zum gemeinsamen Radeln bewegen konnte. Ebenfalls vor Ort waren unser Landrat Christian Karl, B\u00fcrgermeister Ralf Hauboldt sowie Marie Sch\u00fcttauf (Organisatorin des Stadtradelns im Landratsamt S\u00f6mmerda), die sich die Gelegenheit ihren Schulen zu gratulieren, nicht nehmen lassen wollten.<\/p>\n\n\n\n<figure class=\"wp-block-image size-full\"><img loading=\"lazy\" decoding=\"async\" width=\"1000\" height=\"772\" src=\"http:\/\/diesterwegschule-soemmerda.de\/wp-content\/uploads\/2025\/11\/2025-11-28-Schulradeln.jpg\" alt=\"\" class=\"wp-image-6360\" srcset=\"https:\/\/diesterwegschule-soemmerda.de\/wp-content\/uploads\/2025\/11\/2025-11-28-Schulradeln.jpg 1000w, https:\/\/diesterwegschule-soemmerda.de\/wp-content\/uploads\/2025\/11\/2025-11-28-Schulradeln-300x232.jpg 300w, https:\/\/diesterwegschule-soemmerda.de\/wp-content\/uploads\/2025\/11\/2025-11-28-Schulradeln-768x593.jpg 768w\" sizes=\"auto, (max-width: 1000px) 100vw, 1000px\" \/><\/figure>\n\n\n\n<p><strong>Ein riesiges Dankesch\u00f6n geht an alle, die insgesamt 24.951 Kilometer f\u00fcr uns gesammelt haben. Viele Familien waren gemeinsam in S\u00f6mmerda und Umgebung unterwegs und vielleicht hat der eine oder andere mit dem Rad ganz neue Ecken seiner Heimat entdeckt. Die 900 \u20ac gehen an unseren Schulf\u00f6rderverein, der mit diesem Geld zu 100 % unsere Kinder unterst\u00fctzt<\/strong>. <strong>Wir freuen uns schon auf die Aktion Stadtradeln\/Schulradeln 2026 mit vielen flei\u00dfigen Radfahrern!<\/strong><\/p>\n","protected":false},"excerpt":{"rendered":"<p>(28.11.2025) V\u00f6llig unerwartet flatterte fast vier Monate nach der S\u00f6mmerdaer Siegerehrung f\u00fcrs Stadtradeln eine Einladung zur th\u00fcringenweiten Preisverleihung des Schulradelns<\/p>\n","protected":false},"author":1,"featured_media":6362,"comment_status":"closed","ping_status":"open","sticky":false,"template":"","format":"standard","meta":{"footnotes":""},"categories":[7,8,4],"tags":[],"class_list":["post-6357","post","type-post","status-publish","format-standard","has-post-thumbnail","hentry","category-foerderverein","category-schulleben","category-sport"],"_links":{"self":[{"href":"https:\/\/diesterwegschule-soemmerda.de\/index.php?rest_route=\/wp\/v2\/posts\/6357","targetHints":{"allow":["GET"]}}],"collection":[{"href":"https:\/\/diesterwegschule-soemmerda.de\/index.php?rest_route=\/wp\/v2\/posts"}],"about":[{"href":"https:\/\/diesterwegschule-soemmerda.de\/index.php?rest_route=\/wp\/v2\/types\/post"}],"author":[{"embeddable":true,"href":"https:\/\/diesterwegschule-soemmerda.de\/index.php?rest_route=\/wp\/v2\/users\/1"}],"replies":[{"embeddable":true,"href":"https:\/\/diesterwegschule-soemmerda.de\/index.php?rest_route=%2Fwp%2Fv2%2Fcomments&post=6357"}],"version-history":[{"count":4,"href":"https:\/\/diesterwegschule-soemmerda.de\/index.php?rest_route=\/wp\/v2\/posts\/6357\/revisions"}],"predecessor-version":[{"id":6366,"href":"https:\/\/diesterwegschule-soemmerda.de\/index.php?rest_route=\/wp\/v2\/posts\/6357\/revisions\/6366"}],"wp:featuredmedia":[{"embeddable":true,"href":"https:\/\/diesterwegschule-soemmerda.de\/index.php?rest_route=\/wp\/v2\/media\/6362"}],"wp:attachment":[{"href":"https:\/\/diesterwegschule-soemmerda.de\/index.php?rest_route=%2Fwp%2Fv2%2Fmedia&parent=6357"}],"wp:term":[{"taxonomy":"category","embeddable":true,"href":"https:\/\/diesterwegschule-soemmerda.de\/index.php?rest_route=%2Fwp%2Fv2%2Fcategories&post=6357"},{"taxonomy":"post_tag","embeddable":true,"href":"https:\/\/diesterwegschule-soemmerda.de\/index.php?rest_route=%2Fwp%2Fv2%2Ftags&post=6357"}],"curies":[{"name":"wp","href":"https:\/\/api.w.org\/{rel}","templated":true}]}}