{"id":6370,"date":"2025-11-29T13:49:19","date_gmt":"2025-11-29T13:49:19","guid":{"rendered":"https:\/\/diesterwegschule-soemmerda.de\/?p=6370"},"modified":"2025-11-29T13:51:35","modified_gmt":"2025-11-29T13:51:35","slug":"einladung-zum-adventsmarkt","status":"publish","type":"post","link":"https:\/\/diesterwegschule-soemmerda.de\/?p=6370","title":{"rendered":"Einladung zum Adventsmarkt"},"content":{"rendered":"\n<p>Wir laden Sie herzlich ein, mit uns gemeinsam in die besinnliche Adventszeit zu starten. Unser Adventsmarkt findet am&nbsp;<strong>4. Dezember 2025 von 16:00 \u2013 18:00 Uhr<\/strong>&nbsp;in der Schule statt. Wir haben viele Angebote f\u00fcr die ganze Familie vorbereitet:<\/p>\n\n\n\n<ul class=\"wp-block-list\">\n<li>Weihnachts-Mitmacht\u00e4nze<\/li>\n\n\n\n<li>Winterbewegungsspiele<\/li>\n\n\n\n<li>Verkauf kleiner Geschenke<\/li>\n\n\n\n<li>und viele weitere \u00dcberraschungen<\/li>\n<\/ul>\n\n\n\n<p>Au\u00dferdem erwarten Sie:<\/p>\n\n\n\n<ul class=\"wp-block-list\">\n<li>frisch gebackene Waffeln<\/li>\n\n\n\n<li>leckere Cr\u00eapes<\/li>\n\n\n\n<li>Schokoobst und gebrannte Mandeln<\/li>\n\n\n\n<li>warme Getr\u00e4nke (z.B. Kaffee und Kinderpunsch)<\/li>\n\n\n\n<li>Th\u00fcringer Rostbratw\u00fcrste vom Grill<\/li>\n<\/ul>\n\n\n\n<p>Besonders m\u00f6chten wir auf die liebevoll gebastelten Geschenke unserer Kinder hinweisen, die vor Ort zum Verkauf angeboten werden. Eine wunderbare Gelegenheit, kleine handgemachte \u00dcberraschungen zu entdecken und unseren F\u00f6rderverein zu unterst\u00fctzen.<\/p>\n\n\n\n<p><strong>Kommen Sie vorbei, lassen Sie sich von der Vorfreude auf Weihnachten anstecken und verbringen Sie einen gem\u00fctlichen Nachmittag mit uns. Wir freuen uns auf Ihr Kommen!<\/strong><\/p>\n\n\n\n<p><strong><mark style=\"background-color:rgba(0, 0, 0, 0)\" class=\"has-inline-color has-tertiary-color\">Zum Adventsmarkt ist die Hortbetreuung ihrer Kinder nur bis 16:00 Uhr m\u00f6glich. Wir bitten Sie, Ihr Kind an diesem Tag bis 16:00 Uhr abzuholen.<\/mark><\/strong><\/p>\n","protected":false},"excerpt":{"rendered":"<p>Wir laden Sie herzlich ein, mit uns gemeinsam in die besinnliche Adventszeit zu starten. Unser Adventsmarkt findet am&nbsp;4. Dezember 2025<\/p>\n","protected":false},"author":1,"featured_media":6358,"comment_status":"closed","ping_status":"open","sticky":false,"template":"","format":"standard","meta":{"footnotes":""},"categories":[7,8],"tags":[],"class_list":["post-6370","post","type-post","status-publish","format-standard","has-post-thumbnail","hentry","category-foerderverein","category-schulleben"],"_links":{"self":[{"href":"https:\/\/diesterwegschule-soemmerda.de\/index.php?rest_route=\/wp\/v2\/posts\/6370","targetHints":{"allow":["GET"]}}],"collection":[{"href":"https:\/\/diesterwegschule-soemmerda.de\/index.php?rest_route=\/wp\/v2\/posts"}],"about":[{"href":"https:\/\/diesterwegschule-soemmerda.de\/index.php?rest_route=\/wp\/v2\/types\/post"}],"author":[{"embeddable":true,"href":"https:\/\/diesterwegschule-soemmerda.de\/index.php?rest_route=\/wp\/v2\/users\/1"}],"replies":[{"embeddable":true,"href":"https:\/\/diesterwegschule-soemmerda.de\/index.php?rest_route=%2Fwp%2Fv2%2Fcomments&post=6370"}],"version-history":[{"count":3,"href":"https:\/\/diesterwegschule-soemmerda.de\/index.php?rest_route=\/wp\/v2\/posts\/6370\/revisions"}],"predecessor-version":[{"id":6374,"href":"https:\/\/diesterwegschule-soemmerda.de\/index.php?rest_route=\/wp\/v2\/posts\/6370\/revisions\/6374"}],"wp:featuredmedia":[{"embeddable":true,"href":"https:\/\/diesterwegschule-soemmerda.de\/index.php?rest_route=\/wp\/v2\/media\/6358"}],"wp:attachment":[{"href":"https:\/\/diesterwegschule-soemmerda.de\/index.php?rest_route=%2Fwp%2Fv2%2Fmedia&parent=6370"}],"wp:term":[{"taxonomy":"category","embeddable":true,"href":"https:\/\/diesterwegschule-soemmerda.de\/index.php?rest_route=%2Fwp%2Fv2%2Fcategories&post=6370"},{"taxonomy":"post_tag","embeddable":true,"href":"https:\/\/diesterwegschule-soemmerda.de\/index.php?rest_route=%2Fwp%2Fv2%2Ftags&post=6370"}],"curies":[{"name":"wp","href":"https:\/\/api.w.org\/{rel}","templated":true}]}}