{"id":6414,"date":"2026-01-19T18:29:10","date_gmt":"2026-01-19T18:29:10","guid":{"rendered":"https:\/\/diesterwegschule-soemmerda.de\/?p=6414"},"modified":"2026-01-19T18:29:10","modified_gmt":"2026-01-19T18:29:10","slug":"mein-koerper-gehoert-mir-praevention-im-kinderschutz","status":"publish","type":"post","link":"https:\/\/diesterwegschule-soemmerda.de\/?p=6414","title":{"rendered":"\u201eMein K\u00f6rper geh\u00f6rt mir\u201c &#8211; Pr\u00e4vention im Kinderschutz"},"content":{"rendered":"\n<p>(19.01.2026) Im Rahmen der Pr\u00e4ventionsarbeit nahm die Klasse 2d am Projekt <strong>\u201eMein K\u00f6rper geh\u00f6rt mir\u201c<\/strong> des Kinder- und Jugenschutzdienstes <strong>K\u00c4NGURU <\/strong>teil. Das Projekt wurde von den Mitarbeiterinnen <strong>Frau Engel<\/strong> und <strong>Frau Spratte<\/strong> gemeinsam mit der Klassenlehrerin <strong>Frau Wieprecht<\/strong> sowie der Schulsozialarbeiterin <strong>Frau Liebold<\/strong> durchgef\u00fchrt.<\/p>\n\n\n\n<p>Ziel des Projekts war es, die Kinder in ihrer <strong>Selbstbestimmung \u00fcber den eigenen K\u00f6rper<\/strong> zu st\u00e4rken und sie f\u00fcr ihre eigenen Gef\u00fchle und Grenzen zu sensibilisieren. Die Sch\u00fcler lernten, <strong>Gef\u00fchle zu benennen und wahrzunehmen<\/strong>, zwischen <strong>guten und schlechten Gef\u00fchlen<\/strong> sowie <strong>angenehmen und unangenehmen Ber\u00fchrungen<\/strong> zu unterscheiden und die eigenen <strong>Grenzen zu erkennen und zu sch\u00fctzen<\/strong>.<\/p>\n\n\n\n<p>Anschaulich und kindgerecht arbeiteten die Sch\u00fcler mit selbst gemalten Figuren namens <strong>Lotta und Bobby<\/strong>, anhand derer Merkmale von Jungen und M\u00e4dchen thematisiert wurden. Dabei wurde besonders die <strong>Sprachf\u00e4higkeit<\/strong> der Kinder gef\u00f6rdert und ihnen grundlegendes Wissen zum <strong>Schutz der eigenen Person<\/strong> vermittelt.<\/p>\n\n\n\n<p>Ein weiterer wichtiger Schwerpunkt war, den Kindern zu verdeutlichen, dass sie \u201e<strong>Nein\u201c sagen d\u00fcrfen<\/strong> und sich jederzeit <strong>Hilfe holen<\/strong> k\u00f6nnen, wenn sie sich unsicher oder unwohl f\u00fchlen.<\/p>\n\n\n\n<p>Das Projekt leistete einen wertvollen Beitrag zur St\u00e4rkung des Selbstbewusstseins der Kinder und zum verantwortungsvollen Umgang mit dem eigenen K\u00f6rper.<\/p>\n","protected":false},"excerpt":{"rendered":"<p>(19.01.2026) Im Rahmen der Pr\u00e4ventionsarbeit nahm die Klasse 2d am Projekt \u201eMein K\u00f6rper geh\u00f6rt mir\u201c des Kinder- und Jugenschutzdienstes K\u00c4NGURU<\/p>\n","protected":false},"author":1,"featured_media":6415,"comment_status":"closed","ping_status":"open","sticky":false,"template":"","format":"standard","meta":{"footnotes":""},"categories":[8,11],"tags":[],"class_list":["post-6414","post","type-post","status-publish","format-standard","has-post-thumbnail","hentry","category-schulleben","category-schulsozialarbeit"],"_links":{"self":[{"href":"https:\/\/diesterwegschule-soemmerda.de\/index.php?rest_route=\/wp\/v2\/posts\/6414","targetHints":{"allow":["GET"]}}],"collection":[{"href":"https:\/\/diesterwegschule-soemmerda.de\/index.php?rest_route=\/wp\/v2\/posts"}],"about":[{"href":"https:\/\/diesterwegschule-soemmerda.de\/index.php?rest_route=\/wp\/v2\/types\/post"}],"author":[{"embeddable":true,"href":"https:\/\/diesterwegschule-soemmerda.de\/index.php?rest_route=\/wp\/v2\/users\/1"}],"replies":[{"embeddable":true,"href":"https:\/\/diesterwegschule-soemmerda.de\/index.php?rest_route=%2Fwp%2Fv2%2Fcomments&post=6414"}],"version-history":[{"count":1,"href":"https:\/\/diesterwegschule-soemmerda.de\/index.php?rest_route=\/wp\/v2\/posts\/6414\/revisions"}],"predecessor-version":[{"id":6416,"href":"https:\/\/diesterwegschule-soemmerda.de\/index.php?rest_route=\/wp\/v2\/posts\/6414\/revisions\/6416"}],"wp:featuredmedia":[{"embeddable":true,"href":"https:\/\/diesterwegschule-soemmerda.de\/index.php?rest_route=\/wp\/v2\/media\/6415"}],"wp:attachment":[{"href":"https:\/\/diesterwegschule-soemmerda.de\/index.php?rest_route=%2Fwp%2Fv2%2Fmedia&parent=6414"}],"wp:term":[{"taxonomy":"category","embeddable":true,"href":"https:\/\/diesterwegschule-soemmerda.de\/index.php?rest_route=%2Fwp%2Fv2%2Fcategories&post=6414"},{"taxonomy":"post_tag","embeddable":true,"href":"https:\/\/diesterwegschule-soemmerda.de\/index.php?rest_route=%2Fwp%2Fv2%2Ftags&post=6414"}],"curies":[{"name":"wp","href":"https:\/\/api.w.org\/{rel}","templated":true}]}}