{"id":6563,"date":"2026-04-28T17:42:27","date_gmt":"2026-04-28T17:42:27","guid":{"rendered":"https:\/\/diesterwegschule-soemmerda.de\/?p=6563"},"modified":"2026-04-28T17:42:27","modified_gmt":"2026-04-28T17:42:27","slug":"fruehjahrsputz-am-barfusspfad","status":"publish","type":"post","link":"https:\/\/diesterwegschule-soemmerda.de\/?p=6563","title":{"rendered":"Fr\u00fchjahrsputz am Barfu\u00dfpfad"},"content":{"rendered":"\n<p>(28.04.2026) Wann k\u00f6nnen wir denn wieder auf den Barfu\u00dfpad? Dies wurde in den vergangen Schulgartenstunden h\u00e4ufiger beim Vorbeigehen gefragt. Nach genauerer Betrachtung wurde schnell deutlich, dass der Pfad vorher noch etwas Pflege ben\u00f6tigen w\u00fcrde. Einige Materialien waren im Laufe des vergangenen Jahres in den falschen Abschnitten des Pfades gelandet, Steine fehlten und die Moosfl\u00e4chen waren komplett geleert worden. Sicher ist dieses im Fr\u00fchjahr in so manch einem Vogelnest rund ums Schulgel\u00e4nde verschwunden!<br>Also nutzte die Klasse 2b ihre Schulgartenstunden und das herrliche Fr\u00fchlingswetter, um den Pfad wieder in Ordnung zu bringen. Zun\u00e4chst musste das Unkraut zwischen den verschiedenen Materialien entfernt werden, was sich als schwierigste Aufgabe herausstellte. So mancher Stein musste dazu verr\u00fcckt werden und auch Hilfsmittel wie Schaufeln kamen zum Einsatz. Je zwei Sch\u00fcler nahmen sich einen Abschnitt vor und widmeten sich diesem sehr intensiv.<br>Schnell kam die Frage auf, ob man dann auch am Ende den Barfu\u00dfpfad ausprobieren d\u00fcrfe, was nat\u00fcrlich bejaht wurde. Schon war noch mehr Motivation zur Arbeit vorhanden, denn alle wollten ausschlie\u00dflich Stein, Zapfen oder Moos unter den F\u00fc\u00dfen sp\u00fcren und weniger das st\u00f6rende Gras! Zwei Felder waren nahezu komplett leer, als die Arbeiten begannen.<br>Nach kurzer \u00dcberlegung erkannten die Kinder, dass es sich um die Felder mit dem Moos handeln musste. <em>\u201eUnd was machen wir jetzt?<\/em>\u201c, wollte Polina wissen. Milosz und Oskar hatten eine Idee.<em> \u201eHier unter den Str\u00e4uchern w\u00e4chst doch Moos!\u201c<\/em>, riefen sie fast gleichzeitig und liefen mit den Schaufeln in Richtung Str\u00e4ucher. Vorsichtig hebelte Milosz die Moospolster heraus und Polina legte sie noch vorsichtiger in das Feld des Barfu\u00dfpfades hinein. <em>\u201eDas wird richtig sch\u00f6n!\u201c<\/em>, war sich Polina sicher. Und da sollte sie Recht behalten.<br>Nach zwei Schulgartenstunden war der Barfu\u00dfpfad wieder begehbar und genau dies wurde dann auch getan. Allerdings behielten die meisten Kinder noch ihre Str\u00fcmpfe an, denn ein \u201eSockenpfad\u201c ist mindestens genau so sch\u00f6n wie ein \u201eBarfu\u00dfpfad\u201c!<\/p>\n\n\n\n<figure class=\"wp-block-image size-full\"><img loading=\"lazy\" decoding=\"async\" width=\"900\" height=\"618\" src=\"http:\/\/diesterwegschule-soemmerda.de\/wp-content\/uploads\/2026\/04\/2026-04-28-Barfuss01.jpg\" alt=\"\" class=\"wp-image-6567\" srcset=\"https:\/\/diesterwegschule-soemmerda.de\/wp-content\/uploads\/2026\/04\/2026-04-28-Barfuss01.jpg 900w, https:\/\/diesterwegschule-soemmerda.de\/wp-content\/uploads\/2026\/04\/2026-04-28-Barfuss01-300x206.jpg 300w, https:\/\/diesterwegschule-soemmerda.de\/wp-content\/uploads\/2026\/04\/2026-04-28-Barfuss01-768x527.jpg 768w\" sizes=\"auto, (max-width: 900px) 100vw, 900px\" \/><\/figure>\n","protected":false},"excerpt":{"rendered":"<p>(28.04.2026) Wann k\u00f6nnen wir denn wieder auf den Barfu\u00dfpad? Dies wurde in den vergangen Schulgartenstunden h\u00e4ufiger beim Vorbeigehen gefragt. Nach<\/p>\n","protected":false},"author":1,"featured_media":6568,"comment_status":"closed","ping_status":"open","sticky":false,"template":"","format":"standard","meta":{"footnotes":""},"categories":[8],"tags":[],"class_list":["post-6563","post","type-post","status-publish","format-standard","has-post-thumbnail","hentry","category-schulleben"],"_links":{"self":[{"href":"https:\/\/diesterwegschule-soemmerda.de\/index.php?rest_route=\/wp\/v2\/posts\/6563","targetHints":{"allow":["GET"]}}],"collection":[{"href":"https:\/\/diesterwegschule-soemmerda.de\/index.php?rest_route=\/wp\/v2\/posts"}],"about":[{"href":"https:\/\/diesterwegschule-soemmerda.de\/index.php?rest_route=\/wp\/v2\/types\/post"}],"author":[{"embeddable":true,"href":"https:\/\/diesterwegschule-soemmerda.de\/index.php?rest_route=\/wp\/v2\/users\/1"}],"replies":[{"embeddable":true,"href":"https:\/\/diesterwegschule-soemmerda.de\/index.php?rest_route=%2Fwp%2Fv2%2Fcomments&post=6563"}],"version-history":[{"count":2,"href":"https:\/\/diesterwegschule-soemmerda.de\/index.php?rest_route=\/wp\/v2\/posts\/6563\/revisions"}],"predecessor-version":[{"id":6574,"href":"https:\/\/diesterwegschule-soemmerda.de\/index.php?rest_route=\/wp\/v2\/posts\/6563\/revisions\/6574"}],"wp:featuredmedia":[{"embeddable":true,"href":"https:\/\/diesterwegschule-soemmerda.de\/index.php?rest_route=\/wp\/v2\/media\/6568"}],"wp:attachment":[{"href":"https:\/\/diesterwegschule-soemmerda.de\/index.php?rest_route=%2Fwp%2Fv2%2Fmedia&parent=6563"}],"wp:term":[{"taxonomy":"category","embeddable":true,"href":"https:\/\/diesterwegschule-soemmerda.de\/index.php?rest_route=%2Fwp%2Fv2%2Fcategories&post=6563"},{"taxonomy":"post_tag","embeddable":true,"href":"https:\/\/diesterwegschule-soemmerda.de\/index.php?rest_route=%2Fwp%2Fv2%2Ftags&post=6563"}],"curies":[{"name":"wp","href":"https:\/\/api.w.org\/{rel}","templated":true}]}}