{"id":715,"date":"2019-08-12T18:54:59","date_gmt":"2019-08-12T18:54:59","guid":{"rendered":"http:\/\/diesterwegschule-soemmerda.de\/?p=715"},"modified":"2019-08-19T18:43:21","modified_gmt":"2019-08-19T18:43:21","slug":"reiche-ernte-in-den-ferien","status":"publish","type":"post","link":"https:\/\/diesterwegschule-soemmerda.de\/?p=715","title":{"rendered":"Reiche Ernte in den Ferien"},"content":{"rendered":"\n<p>(12.08.2019) Die Sommerferien neigen sich dem Ende zu. Heute hat die dritte und letzte  Ferienhortwoche in unserer Schule begonnen. In den letzten Wochen waren die Ferienkinder in der Schokoladenmanufaktur in Oldisleben zu Gast. Au\u00dferdem feierten sie im Sch\u00fclerfreizeitzentrum (SFZ) ein Indianerfest und planschten im Freibad Wei\u00dfensee und in der S\u00f6mmerdaer Schwimmhalle.<\/p>\n\n\n\n<p>In dieser Woche stehen eine Gaudiolympiade, Tischkicker, eine Filzwerkstatt und viele andere Sachen auf dem Programm. In der K\u00fcche werden Waffeln gebacken, die mit Vanilleeis verspeist werden. Langeweile kommt also sicher nicht auf.<\/p>\n\n\n\n<figure class=\"wp-block-image\"><img loading=\"lazy\" decoding=\"async\" width=\"1000\" height=\"220\" src=\"http:\/\/diesterwegschule-soemmerda.de\/wp-content\/uploads\/2019\/08\/2019-08-12_Ferienspiele.jpg\" alt=\"\" class=\"wp-image-718\" srcset=\"https:\/\/diesterwegschule-soemmerda.de\/wp-content\/uploads\/2019\/08\/2019-08-12_Ferienspiele.jpg 1000w, https:\/\/diesterwegschule-soemmerda.de\/wp-content\/uploads\/2019\/08\/2019-08-12_Ferienspiele-300x66.jpg 300w, https:\/\/diesterwegschule-soemmerda.de\/wp-content\/uploads\/2019\/08\/2019-08-12_Ferienspiele-768x169.jpg 768w\" sizes=\"auto, (max-width: 1000px) 100vw, 1000px\" \/><figcaption>Aus Pappmach\u00e9 wurden Klapperb\u00e4lle gebastelt.<\/figcaption><\/figure>\n\n\n\n<p>Die Kinder k\u00fcmmerten sich in den Ferien auch r\u00fchrend um die Fische in unserem Schulteich. Au\u00dferdem wurden die Zwiebeln aus dem Schulgartenbeet unserer ersten Klassen geerntet und nat\u00fcrlich viel gespielt, gelacht und Ferienerlebnisse ausgetauscht.<\/p>\n\n\n\n<figure class=\"wp-block-image\"><img loading=\"lazy\" decoding=\"async\" width=\"1000\" height=\"750\" src=\"http:\/\/diesterwegschule-soemmerda.de\/wp-content\/uploads\/2019\/08\/2019-07-16_leofabelstein.jpg\" alt=\"\" class=\"wp-image-746\" srcset=\"https:\/\/diesterwegschule-soemmerda.de\/wp-content\/uploads\/2019\/08\/2019-07-16_leofabelstein.jpg 1000w, https:\/\/diesterwegschule-soemmerda.de\/wp-content\/uploads\/2019\/08\/2019-07-16_leofabelstein-300x225.jpg 300w, https:\/\/diesterwegschule-soemmerda.de\/wp-content\/uploads\/2019\/08\/2019-07-16_leofabelstein-768x576.jpg 768w, https:\/\/diesterwegschule-soemmerda.de\/wp-content\/uploads\/2019\/08\/2019-07-16_leofabelstein-880x660.jpg 880w\" sizes=\"auto, (max-width: 1000px) 100vw, 1000px\" \/><figcaption>Ferienabschluss mit dem M\u00e4rchenerz\u00e4hler Leo Fabelstein<\/figcaption><\/figure>\n\n\n\n<p>Am Mittwoch beginnen die Proben f\u00fcr die Schuleinf\u00fchrung. Die Viertkl\u00e4ssler begr\u00fc\u00dfen unsere Schulanf\u00e4nger mit dem Minimusical &#8222;Traum zu glauben&#8220;. Drei erste Klassen werden am Samstag eingeschult. Am Montag darauf geht es wieder los: Das Schuljahr 2019\/2020 startet und wir freuen uns auf ein Wiedersehen und nat\u00fcrlich auf ein Schuljahr mit vielen H\u00f6hepunkten.<\/p>\n","protected":false},"excerpt":{"rendered":"<p>(12.08.2019) Die Sommerferien neigen sich dem Ende zu. Heute hat die dritte und letzte Ferienhortwoche in unserer Schule begonnen. In<\/p>\n","protected":false},"author":1,"featured_media":719,"comment_status":"closed","ping_status":"open","sticky":false,"template":"","format":"standard","meta":{"footnotes":""},"categories":[5,8],"tags":[],"class_list":["post-715","post","type-post","status-publish","format-standard","has-post-thumbnail","hentry","category-hort","category-schulleben"],"_links":{"self":[{"href":"https:\/\/diesterwegschule-soemmerda.de\/index.php?rest_route=\/wp\/v2\/posts\/715","targetHints":{"allow":["GET"]}}],"collection":[{"href":"https:\/\/diesterwegschule-soemmerda.de\/index.php?rest_route=\/wp\/v2\/posts"}],"about":[{"href":"https:\/\/diesterwegschule-soemmerda.de\/index.php?rest_route=\/wp\/v2\/types\/post"}],"author":[{"embeddable":true,"href":"https:\/\/diesterwegschule-soemmerda.de\/index.php?rest_route=\/wp\/v2\/users\/1"}],"replies":[{"embeddable":true,"href":"https:\/\/diesterwegschule-soemmerda.de\/index.php?rest_route=%2Fwp%2Fv2%2Fcomments&post=715"}],"version-history":[{"count":3,"href":"https:\/\/diesterwegschule-soemmerda.de\/index.php?rest_route=\/wp\/v2\/posts\/715\/revisions"}],"predecessor-version":[{"id":750,"href":"https:\/\/diesterwegschule-soemmerda.de\/index.php?rest_route=\/wp\/v2\/posts\/715\/revisions\/750"}],"wp:featuredmedia":[{"embeddable":true,"href":"https:\/\/diesterwegschule-soemmerda.de\/index.php?rest_route=\/wp\/v2\/media\/719"}],"wp:attachment":[{"href":"https:\/\/diesterwegschule-soemmerda.de\/index.php?rest_route=%2Fwp%2Fv2%2Fmedia&parent=715"}],"wp:term":[{"taxonomy":"category","embeddable":true,"href":"https:\/\/diesterwegschule-soemmerda.de\/index.php?rest_route=%2Fwp%2Fv2%2Fcategories&post=715"},{"taxonomy":"post_tag","embeddable":true,"href":"https:\/\/diesterwegschule-soemmerda.de\/index.php?rest_route=%2Fwp%2Fv2%2Ftags&post=715"}],"curies":[{"name":"wp","href":"https:\/\/api.w.org\/{rel}","templated":true}]}}