{"id":799,"date":"2019-09-05T15:36:10","date_gmt":"2019-09-05T15:36:10","guid":{"rendered":"http:\/\/diesterwegschule-soemmerda.de\/?p=799"},"modified":"2019-09-05T17:37:38","modified_gmt":"2019-09-05T17:37:38","slug":"dreimal-bronze-und-ein-5-platz","status":"publish","type":"post","link":"https:\/\/diesterwegschule-soemmerda.de\/?p=799","title":{"rendered":"Dreimal Bronze und ein 5. Platz"},"content":{"rendered":"\n<p>(05.09.2019) Bei perfektem Leichtathletikwetter hatten sich heute die besten Leichtathleten der Grundschulen im Landkreis zusammengefunden, um den Leichtathletikpokal f\u00fcr ihre Schule zu erobern. Dieser ging in diesem Jahr verdient an die Grundschule in Walschleben. Platz zwei ging an die Wippertus-Grundschule nach K\u00f6lleda und Platz 3 an die S\u00f6mmerdaer Lindenschule.<\/p>\n\n\n\n<ul class=\"wp-block-gallery columns-2 is-cropped wp-block-gallery-1 is-layout-flex wp-block-gallery-is-layout-flex\"><li class=\"blocks-gallery-item\"><figure><img loading=\"lazy\" decoding=\"async\" width=\"669\" height=\"1000\" src=\"http:\/\/diesterwegschule-soemmerda.de\/wp-content\/uploads\/2019\/09\/2019-09-05-LAPokal08.jpg\" alt=\"\" data-id=\"806\" data-link=\"http:\/\/diesterwegschule-soemmerda.de\/?attachment_id=806\" class=\"wp-image-806\" srcset=\"https:\/\/diesterwegschule-soemmerda.de\/wp-content\/uploads\/2019\/09\/2019-09-05-LAPokal08.jpg 669w, https:\/\/diesterwegschule-soemmerda.de\/wp-content\/uploads\/2019\/09\/2019-09-05-LAPokal08-201x300.jpg 201w\" sizes=\"auto, (max-width: 669px) 100vw, 669px\" \/><\/figure><\/li><li class=\"blocks-gallery-item\"><figure><img loading=\"lazy\" decoding=\"async\" width=\"669\" height=\"1000\" src=\"http:\/\/diesterwegschule-soemmerda.de\/wp-content\/uploads\/2019\/09\/2019-09-05-LAPokal06.jpg\" alt=\"\" data-id=\"804\" data-link=\"http:\/\/diesterwegschule-soemmerda.de\/?attachment_id=804\" class=\"wp-image-804\" srcset=\"https:\/\/diesterwegschule-soemmerda.de\/wp-content\/uploads\/2019\/09\/2019-09-05-LAPokal06.jpg 669w, https:\/\/diesterwegschule-soemmerda.de\/wp-content\/uploads\/2019\/09\/2019-09-05-LAPokal06-201x300.jpg 201w\" sizes=\"auto, (max-width: 669px) 100vw, 669px\" \/><\/figure><\/li><\/ul>\n\n\n\n<p>Unsere Kinder waren mit dem f\u00fcnften Platz nicht zufrieden, waren aber faire Sportler und applaudierten auch f\u00fcr die anderen Mannschaften. Zum Schluss gab es aber dennoch Grund zur Freude. In der Dreikampfwertung konnten wir drei dritte Pl\u00e4tze erobern. Hanna und Louis in der Wertung der dritten Klassen, Antonio bei den Jungen der Klasse 4. <\/p>\n\n\n\n<ul class=\"wp-block-gallery columns-3 is-cropped wp-block-gallery-2 is-layout-flex wp-block-gallery-is-layout-flex\"><li class=\"blocks-gallery-item\"><figure><img loading=\"lazy\" decoding=\"async\" width=\"669\" height=\"1000\" src=\"http:\/\/diesterwegschule-soemmerda.de\/wp-content\/uploads\/2019\/09\/2019-09-05-LAPokal04.jpg\" alt=\"\" data-id=\"803\" data-link=\"http:\/\/diesterwegschule-soemmerda.de\/?attachment_id=803\" class=\"wp-image-803\" srcset=\"https:\/\/diesterwegschule-soemmerda.de\/wp-content\/uploads\/2019\/09\/2019-09-05-LAPokal04.jpg 669w, https:\/\/diesterwegschule-soemmerda.de\/wp-content\/uploads\/2019\/09\/2019-09-05-LAPokal04-201x300.jpg 201w\" sizes=\"auto, (max-width: 669px) 100vw, 669px\" \/><\/figure><\/li><li class=\"blocks-gallery-item\"><figure><img loading=\"lazy\" decoding=\"async\" width=\"757\" height=\"1000\" src=\"http:\/\/diesterwegschule-soemmerda.de\/wp-content\/uploads\/2019\/09\/2019-09-05-LAPokal03.jpg\" alt=\"\" data-id=\"802\" data-link=\"http:\/\/diesterwegschule-soemmerda.de\/?attachment_id=802\" class=\"wp-image-802\" srcset=\"https:\/\/diesterwegschule-soemmerda.de\/wp-content\/uploads\/2019\/09\/2019-09-05-LAPokal03.jpg 757w, https:\/\/diesterwegschule-soemmerda.de\/wp-content\/uploads\/2019\/09\/2019-09-05-LAPokal03-227x300.jpg 227w\" sizes=\"auto, (max-width: 757px) 100vw, 757px\" \/><\/figure><\/li><li class=\"blocks-gallery-item\"><figure><img loading=\"lazy\" decoding=\"async\" width=\"669\" height=\"1000\" src=\"http:\/\/diesterwegschule-soemmerda.de\/wp-content\/uploads\/2019\/09\/2019-09-05-LAPokal07.jpg\" alt=\"\" data-id=\"805\" data-link=\"http:\/\/diesterwegschule-soemmerda.de\/?attachment_id=805\" class=\"wp-image-805\" srcset=\"https:\/\/diesterwegschule-soemmerda.de\/wp-content\/uploads\/2019\/09\/2019-09-05-LAPokal07.jpg 669w, https:\/\/diesterwegschule-soemmerda.de\/wp-content\/uploads\/2019\/09\/2019-09-05-LAPokal07-201x300.jpg 201w\" sizes=\"auto, (max-width: 669px) 100vw, 669px\" \/><\/figure><\/li><\/ul>\n\n\n\n<p>Nach den Einzeldisziplinen 50m, Weitsprung und Schlagballweitwurf findet als sch\u00f6ner Abschluss immer der 8x200m Staffellauf statt. Dieser startete f\u00fcr uns optimal. Startl\u00e4uferin Hanna ging in F\u00fchrung, die Louis als Zweiter souver\u00e4n ausbaute. Die darauffolgenden L\u00e4ufer mussten der harten 200m-Strecke Tribut zollen und belegten letztendlich Platz 5. <\/p>\n\n\n\n<figure class=\"wp-block-image\"><img loading=\"lazy\" decoding=\"async\" width=\"1000\" height=\"669\" src=\"http:\/\/diesterwegschule-soemmerda.de\/wp-content\/uploads\/2019\/09\/2019-09-05-LAPokal.jpg\" alt=\"\" class=\"wp-image-800\" srcset=\"https:\/\/diesterwegschule-soemmerda.de\/wp-content\/uploads\/2019\/09\/2019-09-05-LAPokal.jpg 1000w, https:\/\/diesterwegschule-soemmerda.de\/wp-content\/uploads\/2019\/09\/2019-09-05-LAPokal-300x201.jpg 300w, https:\/\/diesterwegschule-soemmerda.de\/wp-content\/uploads\/2019\/09\/2019-09-05-LAPokal-768x514.jpg 768w, https:\/\/diesterwegschule-soemmerda.de\/wp-content\/uploads\/2019\/09\/2019-09-05-LAPokal-120x80.jpg 120w\" sizes=\"auto, (max-width: 1000px) 100vw, 1000px\" \/><\/figure>\n\n\n\n<p>Mit einem lachenden und einem weinenden Augen traten wir den Heimweg in Richtung Schule an. Alle haben ihr Bestes gegeben &#8211; mehr war heute leider nicht f\u00fcr uns drin. Im n\u00e4chsten Jahr greifen wir wieder an. Sport frei!<\/p>\n","protected":false},"excerpt":{"rendered":"<p>(05.09.2019) Bei perfektem Leichtathletikwetter hatten sich heute die besten Leichtathleten der Grundschulen im Landkreis zusammengefunden, um den Leichtathletikpokal f\u00fcr ihre<\/p>\n","protected":false},"author":1,"featured_media":801,"comment_status":"closed","ping_status":"open","sticky":false,"template":"","format":"standard","meta":{"footnotes":""},"categories":[8,4],"tags":[],"class_list":["post-799","post","type-post","status-publish","format-standard","has-post-thumbnail","hentry","category-schulleben","category-sport"],"_links":{"self":[{"href":"https:\/\/diesterwegschule-soemmerda.de\/index.php?rest_route=\/wp\/v2\/posts\/799","targetHints":{"allow":["GET"]}}],"collection":[{"href":"https:\/\/diesterwegschule-soemmerda.de\/index.php?rest_route=\/wp\/v2\/posts"}],"about":[{"href":"https:\/\/diesterwegschule-soemmerda.de\/index.php?rest_route=\/wp\/v2\/types\/post"}],"author":[{"embeddable":true,"href":"https:\/\/diesterwegschule-soemmerda.de\/index.php?rest_route=\/wp\/v2\/users\/1"}],"replies":[{"embeddable":true,"href":"https:\/\/diesterwegschule-soemmerda.de\/index.php?rest_route=%2Fwp%2Fv2%2Fcomments&post=799"}],"version-history":[{"count":3,"href":"https:\/\/diesterwegschule-soemmerda.de\/index.php?rest_route=\/wp\/v2\/posts\/799\/revisions"}],"predecessor-version":[{"id":809,"href":"https:\/\/diesterwegschule-soemmerda.de\/index.php?rest_route=\/wp\/v2\/posts\/799\/revisions\/809"}],"wp:featuredmedia":[{"embeddable":true,"href":"https:\/\/diesterwegschule-soemmerda.de\/index.php?rest_route=\/wp\/v2\/media\/801"}],"wp:attachment":[{"href":"https:\/\/diesterwegschule-soemmerda.de\/index.php?rest_route=%2Fwp%2Fv2%2Fmedia&parent=799"}],"wp:term":[{"taxonomy":"category","embeddable":true,"href":"https:\/\/diesterwegschule-soemmerda.de\/index.php?rest_route=%2Fwp%2Fv2%2Fcategories&post=799"},{"taxonomy":"post_tag","embeddable":true,"href":"https:\/\/diesterwegschule-soemmerda.de\/index.php?rest_route=%2Fwp%2Fv2%2Ftags&post=799"}],"curies":[{"name":"wp","href":"https:\/\/api.w.org\/{rel}","templated":true}]}}