{"id":851,"date":"2019-09-15T19:12:26","date_gmt":"2019-09-15T19:12:26","guid":{"rendered":"http:\/\/diesterwegschule-soemmerda.de\/?p=851"},"modified":"2019-09-15T19:12:26","modified_gmt":"2019-09-15T19:12:26","slug":"stadtmeisterschaften-im-radsport","status":"publish","type":"post","link":"https:\/\/diesterwegschule-soemmerda.de\/?p=851","title":{"rendered":"Stadtmeisterschaften im Radsport"},"content":{"rendered":"\n<p style=\"text-align:left\">(15.09.2019) \u00c4hnlich zahlreich wie die Sch\u00fcler der Wippertus-Grundschule aus K\u00f6lleda waren auch unsere Sch\u00fcler bei den heutigen Stadtmeisterschaften im Radsport vertreten. Diese fanden im Gewerbegebiet am Unterwege statt. Neben den Einzelwertungen der Altersklassen erhielt die erfolgreichste Schule den Wanderpokal des B\u00fcrgermeisters der Stadt S\u00f6mmerda.<\/p>\n\n\n\n<ul class=\"wp-block-gallery columns-2 is-cropped wp-block-gallery-1 is-layout-flex wp-block-gallery-is-layout-flex\"><li class=\"blocks-gallery-item\"><figure><img loading=\"lazy\" decoding=\"async\" width=\"923\" height=\"1024\" src=\"http:\/\/diesterwegschule-soemmerda.de\/wp-content\/uploads\/2019\/09\/2019-09-15-Radsport09-923x1024.jpg\" alt=\"\" data-id=\"852\" data-link=\"http:\/\/diesterwegschule-soemmerda.de\/?attachment_id=852\" class=\"wp-image-852\" srcset=\"https:\/\/diesterwegschule-soemmerda.de\/wp-content\/uploads\/2019\/09\/2019-09-15-Radsport09-923x1024.jpg 923w, https:\/\/diesterwegschule-soemmerda.de\/wp-content\/uploads\/2019\/09\/2019-09-15-Radsport09-270x300.jpg 270w, https:\/\/diesterwegschule-soemmerda.de\/wp-content\/uploads\/2019\/09\/2019-09-15-Radsport09-768x852.jpg 768w, https:\/\/diesterwegschule-soemmerda.de\/wp-content\/uploads\/2019\/09\/2019-09-15-Radsport09.jpg 1000w\" sizes=\"auto, (max-width: 923px) 100vw, 923px\" \/><\/figure><\/li><li class=\"blocks-gallery-item\"><figure><img loading=\"lazy\" decoding=\"async\" width=\"669\" height=\"1000\" src=\"http:\/\/diesterwegschule-soemmerda.de\/wp-content\/uploads\/2019\/09\/2019-09-15-Radsport12.jpg\" alt=\"\" data-id=\"855\" data-link=\"http:\/\/diesterwegschule-soemmerda.de\/?attachment_id=855\" class=\"wp-image-855\" srcset=\"https:\/\/diesterwegschule-soemmerda.de\/wp-content\/uploads\/2019\/09\/2019-09-15-Radsport12.jpg 669w, https:\/\/diesterwegschule-soemmerda.de\/wp-content\/uploads\/2019\/09\/2019-09-15-Radsport12-201x300.jpg 201w\" sizes=\"auto, (max-width: 669px) 100vw, 669px\" \/><\/figure><\/li><\/ul>\n\n\n\n<p>Mit fast vierzig Startern war unsere Schule dabei und alle gaben ihr Bestes. Die Kinder hatten je nach Alter Strecken zwischen 1,4 km (1 Runde) und 4,2 km (3 Runden) zu absolvieren. Entlang der Strecke feuerten Eltern, Geschwister und Mitsch\u00fcler unsere Athleten an. Am Ende siegten Lola Stiller und Sebastian J\u00fcnger in ihren Altersklassen souver\u00e4n vor ihren Konkurrenten. Au\u00dferdem kamen viele vordere Platzierungen auf unser Schulkonto. Doch jeder, der heute mit seinem Fahrrad am Start stand und kurz darauf die Ziellinie \u00fcberquerte, konnte stolz auf sich sein. Denn das Sch\u00f6ne am Sport sind doch die gemeinsamen Erlebnisse, die dieser mit sich bringt. Sei es nun die Freude \u00fcber eine gute Leistung oder das Getr\u00f6stetwerden, wenn es nicht so wie gew\u00fcnscht geklappt hat. <\/p>\n\n\n\n<ul class=\"wp-block-gallery columns-3 is-cropped wp-block-gallery-2 is-layout-flex wp-block-gallery-is-layout-flex\"><li class=\"blocks-gallery-item\"><figure><img loading=\"lazy\" decoding=\"async\" width=\"669\" height=\"1000\" src=\"http:\/\/diesterwegschule-soemmerda.de\/wp-content\/uploads\/2019\/09\/2019-09-15-Radsport17.jpg\" alt=\"\" data-id=\"858\" data-link=\"http:\/\/diesterwegschule-soemmerda.de\/?attachment_id=858\" class=\"wp-image-858\" srcset=\"https:\/\/diesterwegschule-soemmerda.de\/wp-content\/uploads\/2019\/09\/2019-09-15-Radsport17.jpg 669w, https:\/\/diesterwegschule-soemmerda.de\/wp-content\/uploads\/2019\/09\/2019-09-15-Radsport17-201x300.jpg 201w\" sizes=\"auto, (max-width: 669px) 100vw, 669px\" \/><\/figure><\/li><li class=\"blocks-gallery-item\"><figure><img loading=\"lazy\" decoding=\"async\" width=\"669\" height=\"1000\" src=\"http:\/\/diesterwegschule-soemmerda.de\/wp-content\/uploads\/2019\/09\/2019-09-15-Radsport11.jpg\" alt=\"\" data-id=\"854\" data-link=\"http:\/\/diesterwegschule-soemmerda.de\/?attachment_id=854\" class=\"wp-image-854\" srcset=\"https:\/\/diesterwegschule-soemmerda.de\/wp-content\/uploads\/2019\/09\/2019-09-15-Radsport11.jpg 669w, https:\/\/diesterwegschule-soemmerda.de\/wp-content\/uploads\/2019\/09\/2019-09-15-Radsport11-201x300.jpg 201w\" sizes=\"auto, (max-width: 669px) 100vw, 669px\" \/><\/figure><\/li><li class=\"blocks-gallery-item\"><figure><img loading=\"lazy\" decoding=\"async\" width=\"669\" height=\"1000\" src=\"http:\/\/diesterwegschule-soemmerda.de\/wp-content\/uploads\/2019\/09\/2019-09-15-Radsport16.jpg\" alt=\"\" data-id=\"857\" data-link=\"http:\/\/diesterwegschule-soemmerda.de\/?attachment_id=857\" class=\"wp-image-857\" srcset=\"https:\/\/diesterwegschule-soemmerda.de\/wp-content\/uploads\/2019\/09\/2019-09-15-Radsport16.jpg 669w, https:\/\/diesterwegschule-soemmerda.de\/wp-content\/uploads\/2019\/09\/2019-09-15-Radsport16-201x300.jpg 201w\" sizes=\"auto, (max-width: 669px) 100vw, 669px\" \/><\/figure><\/li><\/ul>\n\n\n\n<p>Die Abteilung Radsport des SV S\u00f6mmerda e.V. hatte die Veranstaltung wieder gut organisiert. Toll war, dass jeder Teilnehmer eine Urkunde erhielt. Und so wechselten sich bei der Siegerehrung unsere Kinder und die Sch\u00fcler der Wippertus-Grundschule K\u00f6lleda ab. Am Ende konnten die K\u00f6lledaer wieder den riesigen Wanderpokal mit in ihre Schule nehmen. Wir freuen uns \u00fcber Platz zwei und hatten einen sch\u00f6nen gemeinsamen Nachmittag an der Radrennstrecke. <\/p>\n\n\n\n<figure class=\"wp-block-image\"><img loading=\"lazy\" decoding=\"async\" width=\"1000\" height=\"669\" src=\"http:\/\/diesterwegschule-soemmerda.de\/wp-content\/uploads\/2019\/09\/2019-09-15-Radsport15.jpg\" alt=\"\" class=\"wp-image-856\" srcset=\"https:\/\/diesterwegschule-soemmerda.de\/wp-content\/uploads\/2019\/09\/2019-09-15-Radsport15.jpg 1000w, https:\/\/diesterwegschule-soemmerda.de\/wp-content\/uploads\/2019\/09\/2019-09-15-Radsport15-300x201.jpg 300w, https:\/\/diesterwegschule-soemmerda.de\/wp-content\/uploads\/2019\/09\/2019-09-15-Radsport15-768x514.jpg 768w, https:\/\/diesterwegschule-soemmerda.de\/wp-content\/uploads\/2019\/09\/2019-09-15-Radsport15-120x80.jpg 120w\" sizes=\"auto, (max-width: 1000px) 100vw, 1000px\" \/><figcaption>Die Gute-Laune-Wertung haben wir auf alle F\u00e4lle gewonnen &#8230;<\/figcaption><\/figure>\n","protected":false},"excerpt":{"rendered":"<p>(15.09.2019) \u00c4hnlich zahlreich wie die Sch\u00fcler der Wippertus-Grundschule aus K\u00f6lleda waren auch unsere Sch\u00fcler bei den heutigen Stadtmeisterschaften im Radsport<\/p>\n","protected":false},"author":1,"featured_media":859,"comment_status":"closed","ping_status":"open","sticky":false,"template":"","format":"standard","meta":{"footnotes":""},"categories":[8,4],"tags":[],"class_list":["post-851","post","type-post","status-publish","format-standard","has-post-thumbnail","hentry","category-schulleben","category-sport"],"_links":{"self":[{"href":"https:\/\/diesterwegschule-soemmerda.de\/index.php?rest_route=\/wp\/v2\/posts\/851","targetHints":{"allow":["GET"]}}],"collection":[{"href":"https:\/\/diesterwegschule-soemmerda.de\/index.php?rest_route=\/wp\/v2\/posts"}],"about":[{"href":"https:\/\/diesterwegschule-soemmerda.de\/index.php?rest_route=\/wp\/v2\/types\/post"}],"author":[{"embeddable":true,"href":"https:\/\/diesterwegschule-soemmerda.de\/index.php?rest_route=\/wp\/v2\/users\/1"}],"replies":[{"embeddable":true,"href":"https:\/\/diesterwegschule-soemmerda.de\/index.php?rest_route=%2Fwp%2Fv2%2Fcomments&post=851"}],"version-history":[{"count":3,"href":"https:\/\/diesterwegschule-soemmerda.de\/index.php?rest_route=\/wp\/v2\/posts\/851\/revisions"}],"predecessor-version":[{"id":862,"href":"https:\/\/diesterwegschule-soemmerda.de\/index.php?rest_route=\/wp\/v2\/posts\/851\/revisions\/862"}],"wp:featuredmedia":[{"embeddable":true,"href":"https:\/\/diesterwegschule-soemmerda.de\/index.php?rest_route=\/wp\/v2\/media\/859"}],"wp:attachment":[{"href":"https:\/\/diesterwegschule-soemmerda.de\/index.php?rest_route=%2Fwp%2Fv2%2Fmedia&parent=851"}],"wp:term":[{"taxonomy":"category","embeddable":true,"href":"https:\/\/diesterwegschule-soemmerda.de\/index.php?rest_route=%2Fwp%2Fv2%2Fcategories&post=851"},{"taxonomy":"post_tag","embeddable":true,"href":"https:\/\/diesterwegschule-soemmerda.de\/index.php?rest_route=%2Fwp%2Fv2%2Ftags&post=851"}],"curies":[{"name":"wp","href":"https:\/\/api.w.org\/{rel}","templated":true}]}}