{"id":865,"date":"2019-09-23T17:27:37","date_gmt":"2019-09-23T17:27:37","guid":{"rendered":"http:\/\/diesterwegschule-soemmerda.de\/?p=865"},"modified":"2019-09-23T17:37:37","modified_gmt":"2019-09-23T17:37:37","slug":"schoener-wochenstart","status":"publish","type":"post","link":"https:\/\/diesterwegschule-soemmerda.de\/?p=865","title":{"rendered":"Sch\u00f6ner Wochenstart"},"content":{"rendered":"\n<p>(23.09.2019) Einen besonderen Wochenstart hatten unsere zweiten Klassen am heutigen Montag, denn es stand der erste Wandertag im neuen Schuljahr auf dem Programm. In der Innenstadt schauten sich die Kinder neben Stadtparkbr\u00fccke und M\u00fchle auch die Stadtmauer mit T\u00fcrmchen, die Bonifatiuskirche und das Salzmannhaus an. Danach ging es schnurstracks in Richtung Sch\u00fcler-Freizeit-Zentrum. Was die Kinder erlebt haben, berichtet Frieda aus der Klasse 2b:<\/p>\n\n\n\n<p><em>Die 2b und die 2a waren am 23.9. auf Wandertag. Es hat ihnen viel Spa\u00df gemacht. Am Obermarkt haben wir gefr\u00fchst\u00fcckt. Und mittendrin sind die Springbrunnen angegangen. Dann sind wir die Stadtparkbr\u00fccke entlang gegangen und Frau W\u00e4chter hat uns etwas \u00fcber die M\u00fchle und die Fischtreppe erz\u00e4hlt. Auf dem Fu\u00dfweg an der Stadtmauer sind wir zum SFZ gegangen. Uns ist ein Fahrradanh\u00e4nger begegnet. Darin sa\u00dfen 3 (!) Kinder. Da haben wir ganz sch\u00f6n gestaunt. Im SFZ haben wir Maism\u00e4nnchen gebastelt und in der Bibliothek B\u00fccherbingo mit Frau Hesse gespielt. Frieda und Malina haben Tischkicker gespielt. Lusi und Amy haben Speedhockey gespielt. Und ein paar Kinder waren im Spielzimmer. Und Frau Stockmann hat mit Emil Tischtennis gespielt. Dann sind wir in die Schule zur\u00fcckgegangen. <\/em>(aufgeschrieben von Frieda)<\/p>\n\n\n\n<ul class=\"wp-block-gallery columns-2 is-cropped wp-block-gallery-1 is-layout-flex wp-block-gallery-is-layout-flex\"><li class=\"blocks-gallery-item\"><figure><img loading=\"lazy\" decoding=\"async\" width=\"1000\" height=\"801\" src=\"http:\/\/diesterwegschule-soemmerda.de\/wp-content\/uploads\/2019\/09\/2019-09-23-Wandertag2b_02.jpg\" alt=\"\" data-id=\"867\" data-link=\"http:\/\/diesterwegschule-soemmerda.de\/?attachment_id=867\" class=\"wp-image-867\" srcset=\"https:\/\/diesterwegschule-soemmerda.de\/wp-content\/uploads\/2019\/09\/2019-09-23-Wandertag2b_02.jpg 1000w, https:\/\/diesterwegschule-soemmerda.de\/wp-content\/uploads\/2019\/09\/2019-09-23-Wandertag2b_02-300x240.jpg 300w, https:\/\/diesterwegschule-soemmerda.de\/wp-content\/uploads\/2019\/09\/2019-09-23-Wandertag2b_02-768x615.jpg 768w\" sizes=\"auto, (max-width: 1000px) 100vw, 1000px\" \/><\/figure><\/li><li class=\"blocks-gallery-item\"><figure><img loading=\"lazy\" decoding=\"async\" width=\"1000\" height=\"681\" src=\"http:\/\/diesterwegschule-soemmerda.de\/wp-content\/uploads\/2019\/09\/2019-09-23-Wandertag2b_01.jpg\" alt=\"\" data-id=\"866\" data-link=\"http:\/\/diesterwegschule-soemmerda.de\/?attachment_id=866\" class=\"wp-image-866\" srcset=\"https:\/\/diesterwegschule-soemmerda.de\/wp-content\/uploads\/2019\/09\/2019-09-23-Wandertag2b_01.jpg 1000w, https:\/\/diesterwegschule-soemmerda.de\/wp-content\/uploads\/2019\/09\/2019-09-23-Wandertag2b_01-300x204.jpg 300w, https:\/\/diesterwegschule-soemmerda.de\/wp-content\/uploads\/2019\/09\/2019-09-23-Wandertag2b_01-768x523.jpg 768w\" sizes=\"auto, (max-width: 1000px) 100vw, 1000px\" \/><\/figure><\/li><\/ul>\n","protected":false},"excerpt":{"rendered":"<p>(23.09.2019) Einen besonderen Wochenstart hatten unsere zweiten Klassen am heutigen Montag, denn es stand der erste Wandertag im neuen Schuljahr<\/p>\n","protected":false},"author":1,"featured_media":0,"comment_status":"closed","ping_status":"open","sticky":false,"template":"","format":"standard","meta":{"footnotes":""},"categories":[8],"tags":[],"class_list":["post-865","post","type-post","status-publish","format-standard","hentry","category-schulleben"],"_links":{"self":[{"href":"https:\/\/diesterwegschule-soemmerda.de\/index.php?rest_route=\/wp\/v2\/posts\/865","targetHints":{"allow":["GET"]}}],"collection":[{"href":"https:\/\/diesterwegschule-soemmerda.de\/index.php?rest_route=\/wp\/v2\/posts"}],"about":[{"href":"https:\/\/diesterwegschule-soemmerda.de\/index.php?rest_route=\/wp\/v2\/types\/post"}],"author":[{"embeddable":true,"href":"https:\/\/diesterwegschule-soemmerda.de\/index.php?rest_route=\/wp\/v2\/users\/1"}],"replies":[{"embeddable":true,"href":"https:\/\/diesterwegschule-soemmerda.de\/index.php?rest_route=%2Fwp%2Fv2%2Fcomments&post=865"}],"version-history":[{"count":5,"href":"https:\/\/diesterwegschule-soemmerda.de\/index.php?rest_route=\/wp\/v2\/posts\/865\/revisions"}],"predecessor-version":[{"id":874,"href":"https:\/\/diesterwegschule-soemmerda.de\/index.php?rest_route=\/wp\/v2\/posts\/865\/revisions\/874"}],"wp:attachment":[{"href":"https:\/\/diesterwegschule-soemmerda.de\/index.php?rest_route=%2Fwp%2Fv2%2Fmedia&parent=865"}],"wp:term":[{"taxonomy":"category","embeddable":true,"href":"https:\/\/diesterwegschule-soemmerda.de\/index.php?rest_route=%2Fwp%2Fv2%2Fcategories&post=865"},{"taxonomy":"post_tag","embeddable":true,"href":"https:\/\/diesterwegschule-soemmerda.de\/index.php?rest_route=%2Fwp%2Fv2%2Ftags&post=865"}],"curies":[{"name":"wp","href":"https:\/\/api.w.org\/{rel}","templated":true}]}}